
{"id":20524,"date":"2021-01-13T13:59:41","date_gmt":"2021-01-13T11:59:41","guid":{"rendered":"https:\/\/www.spainfoodsherpas.com\/?p=20524"},"modified":"2021-02-04T13:13:48","modified_gmt":"2021-02-04T11:13:48","slug":"genalguacil-malaga-el-pueblo-museo","status":"publish","type":"post","link":"https:\/\/www.spainfoodsherpas.com\/es\/genalguacil-malaga-el-pueblo-museo\/","title":{"rendered":"Genalguacil, M\u00e1laga &#8211; El Pueblo Museo"},"content":{"rendered":"<p><div class=\"fusion-fullwidth fullwidth-box fusion-builder-row-1 fusion-flex-container nonhundred-percent-fullwidth non-hundred-percent-height-scrolling\" style=\"--awb-border-radius-top-left:0px;--awb-border-radius-top-right:0px;--awb-border-radius-bottom-right:0px;--awb-border-radius-bottom-left:0px;--awb-flex-wrap:wrap;\" ><div class=\"fusion-builder-row fusion-row fusion-flex-align-items-flex-start fusion-flex-content-wrap\" style=\"max-width:calc( 1170px + 0px );margin-left: calc(-0px \/ 2 );margin-right: calc(-0px \/ 2 );\"><div class=\"fusion-layout-column fusion_builder_column fusion-builder-column-0 fusion_builder_column_1_1 1_1 fusion-flex-column\" style=\"--awb-bg-size:cover;--awb-width-large:100%;--awb-margin-top-large:0px;--awb-spacing-right-large:0px;--awb-margin-bottom-large:20px;--awb-spacing-left-large:0px;--awb-width-medium:100%;--awb-spacing-right-medium:0px;--awb-spacing-left-medium:0px;--awb-width-small:100%;--awb-spacing-right-small:0px;--awb-spacing-left-small:0px;\"><div class=\"fusion-column-wrapper fusion-flex-justify-content-flex-start fusion-content-layout-column\"><div class=\"fusion-text fusion-text-1\"><p class=\"entrada\">\u00bfY si imagin\u00e1ramos un cl\u00e1sico pueblo blanco andaluz en el que convivieran la tradici\u00f3n y el arte de vanguardia? \u00bfY si al trazado \u00e1rabe de sus calles empedradas, a sus recoletas plazuelas y a sus coloridos balcones engalanados de flores, les a\u00f1adi\u00e9ramos decenas de obras de artistas contempor\u00e1neos llegados de todos los rincones del planeta?<br \/>\nPues resulta que este lugar existe, est\u00e1 en la provincia de M\u00e1laga y tiene nombre propio: Genalguacil, el conocido como \u201cPueblo museo\u201d, que durante la primera quincena de agosto acoger\u00e1 una nueva edici\u00f3n de sus famosos Encuentros de Arte.<\/p>\n<\/div><div class=\"fusion-text fusion-text-2\"><div id=\"attachment_15754\" style=\"width: 710px\" class=\"wp-caption alignnone\"><img decoding=\"async\" aria-describedby=\"caption-attachment-15754\" class=\"lazyload wp-image-15754 size-full\" src=\"https:\/\/www.spainfoodsherpas.com\/sfs\/wp-content\/uploads\/2018\/07\/genalguacil-artwork-malaga.jpg\" data-orig-src=\"https:\/\/www.spainfoodsherpas.com\/sfs\/wp-content\/uploads\/2018\/07\/genalguacil-artwork-malaga.jpg\" alt=\"genalguacil escultura malaga\" width=\"700\" height=\"467\" srcset=\"data:image\/svg+xml,%3Csvg%20xmlns%3D%27http%3A%2F%2Fwww.w3.org%2F2000%2Fsvg%27%20width%3D%27700%27%20height%3D%27467%27%20viewBox%3D%270%200%20700%20467%27%3E%3Crect%20width%3D%27700%27%20height%3D%27467%27%20fill-opacity%3D%220%22%2F%3E%3C%2Fsvg%3E\" data-srcset=\"https:\/\/www.spainfoodsherpas.com\/sfs\/wp-content\/uploads\/2018\/07\/genalguacil-artwork-malaga-200x133.jpg 200w, https:\/\/www.spainfoodsherpas.com\/sfs\/wp-content\/uploads\/2018\/07\/genalguacil-artwork-malaga-300x200.jpg 300w, https:\/\/www.spainfoodsherpas.com\/sfs\/wp-content\/uploads\/2018\/07\/genalguacil-artwork-malaga-400x267.jpg 400w, https:\/\/www.spainfoodsherpas.com\/sfs\/wp-content\/uploads\/2018\/07\/genalguacil-artwork-malaga-600x400.jpg 600w, https:\/\/www.spainfoodsherpas.com\/sfs\/wp-content\/uploads\/2018\/07\/genalguacil-artwork-malaga.jpg 700w\" data-sizes=\"auto\" data-orig-sizes=\"(max-width: 700px) 100vw, 700px\" \/><p id=\"caption-attachment-15754\" class=\"wp-caption-text\">Cr\u00e9dito: Ayto Genalguacil<\/p><\/div>\n<\/div><div class=\"accordian fusion-accordian\" style=\"--awb-border-size:1px;--awb-icon-size:13px;--awb-content-font-size:16px;--awb-icon-alignment:left;--awb-hover-color:#f9f9f9;--awb-border-color:#cccccc;--awb-background-color:#ffffff;--awb-divider-color:#4e432d;--awb-divider-hover-color:#4e432d;--awb-icon-color:#212934;--awb-title-color:#957f55;--awb-content-color:#1d242d;--awb-icon-box-color:#ffffff;--awb-toggle-hover-accent-color:#957f55;--awb-title-font-family:&quot;Abhaya Libre&quot;;--awb-title-font-weight:400;--awb-title-font-style:normal;--awb-title-font-size:16px;--awb-content-font-family:&quot;Barlow&quot;;--awb-content-font-style:normal;--awb-content-font-weight:400;\"><div class=\"panel-group fusion-toggle-icon-unboxed\" id=\"accordion-20524-1\"><div class=\"fusion-panel panel-default panel-2d0904cb861cd9d7d fusion-toggle-no-divider\"><div class=\"panel-heading\"><h4 class=\"panel-title toggle\" id=\"toggle_2d0904cb861cd9d7d\"><a aria-expanded=\"false\" aria-controls=\"2d0904cb861cd9d7d\" role=\"button\" data-toggle=\"collapse\" data-parent=\"#accordion-20524-1\" data-target=\"#2d0904cb861cd9d7d\" href=\"#2d0904cb861cd9d7d\"><span class=\"fusion-toggle-icon-wrapper\" aria-hidden=\"true\"><i class=\"fa-fusion-box active-icon awb-icon-minus\" aria-hidden=\"true\"><\/i><i class=\"fa-fusion-box inactive-icon awb-icon-plus\" aria-hidden=\"true\"><\/i><\/span><span class=\"fusion-toggle-heading\">\u00cdndice de Contenidos<\/span><\/a><\/h4><\/div><div id=\"2d0904cb861cd9d7d\" class=\"panel-collapse collapse \" aria-labelledby=\"toggle_2d0904cb861cd9d7d\"><div class=\"panel-body toggle-content fusion-clearfix\">\n<ul>\n<li><a href=\"#genalguacilEntorno\">Un entorno privilegiado<\/a><\/li>\n<li><a href=\"#genalguacilArte\">Encuentros de Arte de Genalguacil<\/a><\/li>\n<li><a href=\"#genalguacilMuseo\">Museo de Arte Contempor\u00e1neo<\/a><\/li>\n<li><a href=\"#genalguacilComer\">Qu\u00e9 comer en Genalguacil<\/a><\/li>\n<li><a href=\"#genalguacilDormir\">D\u00f3nde alojarse<\/a><\/li>\n<li><a href=\"#genalguacilLlegar\">C\u00f3mo llegar<\/a><\/li>\n<\/ul>\n<\/div><\/div><\/div><\/div><\/div><\/div><\/div><\/div><\/div><div class=\"fusion-fullwidth fullwidth-box fusion-builder-row-2 fusion-flex-container nonhundred-percent-fullwidth non-hundred-percent-height-scrolling\" style=\"--awb-border-radius-top-left:0px;--awb-border-radius-top-right:0px;--awb-border-radius-bottom-right:0px;--awb-border-radius-bottom-left:0px;--awb-flex-wrap:wrap;\" ><div class=\"fusion-builder-row fusion-row fusion-flex-align-items-flex-start fusion-flex-content-wrap\" style=\"max-width:calc( 1170px + 0px );margin-left: calc(-0px \/ 2 );margin-right: calc(-0px \/ 2 );\"><div class=\"fusion-layout-column fusion_builder_column fusion-builder-column-1 fusion_builder_column_1_1 1_1 fusion-flex-column\" style=\"--awb-bg-size:cover;--awb-width-large:100%;--awb-margin-top-large:0px;--awb-spacing-right-large:0px;--awb-margin-bottom-large:20px;--awb-spacing-left-large:0px;--awb-width-medium:100%;--awb-spacing-right-medium:0px;--awb-spacing-left-medium:0px;--awb-width-small:100%;--awb-spacing-right-small:0px;--awb-spacing-left-small:0px;\"><div class=\"fusion-column-wrapper fusion-flex-justify-content-flex-start fusion-content-layout-column\"><div class=\"fusion-separator fusion-full-width-sep\" style=\"align-self: center;margin-left: auto;margin-right: auto;width:100%;\" id=\"genalguacilEntorno\"><\/div><div class=\"fusion-text fusion-text-3\"><p>Genalguacil se encuentra en el Valle del Genal, en plena comarca de la Serran\u00eda de Ronda. Este valle constituye un peque\u00f1o para\u00edso escondido a pocos kil\u00f3metros de la Costa del Sol. Un territorio fascinante que hace las veces de puente natural entre la ciudad de <a href=\"https:\/\/www.spainfoodsherpas.com\/es\/un-dia-en-ronda\/\">Ronda<\/a> y el Estrecho de Gibraltar. Como resultado, el valle goza de un suave clima, mezcla de la influencia tanto del mar Mediterr\u00e1neo como del oc\u00e9ano Atl\u00e1ntico.<\/p>\n<p>Con poco m\u00e1s de 500 habitantes, Genalguacil se ubica al oeste del valle, en la zona conocida como el Bajo Genal, a 40 km de la ciudad de Ronda y a 150 de la capital malague\u00f1a. Su herencia \u00e1rabe, entremezclada en perfecto equilibrio con su apuesta por el arte contempor\u00e1neo, lo convierten en uno de los pueblos m\u00e1s bellos y singulares de la geograf\u00eda andaluza.<\/p>\n<\/div><div class=\"fusion-text fusion-text-4\"><div id=\"attachment_15757\" style=\"width: 710px\" class=\"wp-caption alignnone\"><img decoding=\"async\" aria-describedby=\"caption-attachment-15757\" class=\"lazyload wp-image-15757 size-full\" src=\"https:\/\/www.spainfoodsherpas.com\/sfs\/wp-content\/uploads\/2018\/07\/genalguacil-malaga.jpg\" data-orig-src=\"https:\/\/www.spainfoodsherpas.com\/sfs\/wp-content\/uploads\/2018\/07\/genalguacil-malaga.jpg\" alt=\"genalguacil malaga\" width=\"700\" height=\"467\" srcset=\"data:image\/svg+xml,%3Csvg%20xmlns%3D%27http%3A%2F%2Fwww.w3.org%2F2000%2Fsvg%27%20width%3D%27700%27%20height%3D%27467%27%20viewBox%3D%270%200%20700%20467%27%3E%3Crect%20width%3D%27700%27%20height%3D%27467%27%20fill-opacity%3D%220%22%2F%3E%3C%2Fsvg%3E\" data-srcset=\"https:\/\/www.spainfoodsherpas.com\/sfs\/wp-content\/uploads\/2018\/07\/genalguacil-malaga-200x133.jpg 200w, https:\/\/www.spainfoodsherpas.com\/sfs\/wp-content\/uploads\/2018\/07\/genalguacil-malaga-300x200.jpg 300w, https:\/\/www.spainfoodsherpas.com\/sfs\/wp-content\/uploads\/2018\/07\/genalguacil-malaga-400x267.jpg 400w, https:\/\/www.spainfoodsherpas.com\/sfs\/wp-content\/uploads\/2018\/07\/genalguacil-malaga-600x400.jpg 600w, https:\/\/www.spainfoodsherpas.com\/sfs\/wp-content\/uploads\/2018\/07\/genalguacil-malaga.jpg 700w\" data-sizes=\"auto\" data-orig-sizes=\"(max-width: 700px) 100vw, 700px\" \/><p id=\"caption-attachment-15757\" class=\"wp-caption-text\">Cr\u00e9dito: Ayto Genalguacil<\/p><\/div>\n<\/div><\/div><\/div><div class=\"fusion-layout-column fusion_builder_column fusion-builder-column-2 fusion_builder_column_1_1 1_1 fusion-flex-column\" style=\"--awb-bg-size:cover;--awb-width-large:100%;--awb-margin-top-large:0px;--awb-spacing-right-large:0px;--awb-margin-bottom-large:20px;--awb-spacing-left-large:0px;--awb-width-medium:100%;--awb-spacing-right-medium:0px;--awb-spacing-left-medium:0px;--awb-width-small:100%;--awb-spacing-right-small:0px;--awb-spacing-left-small:0px;\"><div class=\"fusion-column-wrapper fusion-flex-justify-content-flex-start fusion-content-layout-column\"><div class=\"fusion-text fusion-text-5\"><h3><strong>Un entorno natural privilegiado.<\/strong><\/h3>\n<p>Poco m\u00e1s de 30 kil\u00f3metros separan Genalguacil de la ciudad de Estepona, y es a mitad de este trayecto donde encontramos la primera manifestaci\u00f3n art\u00edstica. En este caso, se trata de una obra maestra concebida por obra y gracia de la Madre Naturaleza: el Paraje Natural de los Reales de Sierra Bermeja.<\/p>\n<p>Ubicado a 1450 metros sobre el nivel del mar, sus m\u00e1s de 1200 hect\u00e1reas se extienden por los municipios de <a href=\"https:\/\/www.spainfoodsherpas.com\/es\/descubre-casares-en-malaga-un-pueblo-blanco-con-mucho-encanto\/\">Casares<\/a>, Estepona y Genalguacil, siendo \u00e9ste \u00faltimo el que m\u00e1s extensi\u00f3n abarca. Como si de un anfiteatro natural se tratase, all\u00ed podremos disfrutar de uno de los pocos bosques de pinsapos que existen en Espa\u00f1a. Un singular ecosistema donde merece la pena dar un agradable paseo rodeados por estas reliquias de la era Glaciar, que pueden llegar hasta los 30 metros de altura.<\/p>\n<p>Adem\u00e1s, su catalogaci\u00f3n como Zona de Especial Protecci\u00f3n para las Aves lo convierte en el lugar id\u00f3neo para el avistamiento de \u00e1guilas reales, halcones peregrinos, b\u00fahos reales y dem\u00e1s especies que se erigen en centinelas del cielo de la Sierra. Unos prism\u00e1ticos, agua y mucha paciencia nos bastar\u00e1n para convertir nuestro paseo en una experiencia inolvidable.<\/p>\n<p>Y si lo que buscas es conocer a fondo este paraje \u00fanico, existen varias rutas de senderismo debidamente se\u00f1alizadas, que tienen su culmen en la que nos da la posibilidad de llegar desde la localidad de Estepona hasta el pico de Los Reales (el techo de Sierra Bermeja), sin apenas pisar el asfalto.<\/p>\n<\/div><div class=\"fusion-text fusion-text-6\"><div id=\"attachment_15760\" style=\"width: 710px\" class=\"wp-caption alignnone\"><img decoding=\"async\" aria-describedby=\"caption-attachment-15760\" class=\"lazyload wp-image-15760 size-full\" src=\"https:\/\/www.spainfoodsherpas.com\/sfs\/wp-content\/uploads\/2018\/07\/genalguacil-views.jpg\" data-orig-src=\"https:\/\/www.spainfoodsherpas.com\/sfs\/wp-content\/uploads\/2018\/07\/genalguacil-views.jpg\" alt=\"genalguacil vistas\" width=\"700\" height=\"525\" srcset=\"data:image\/svg+xml,%3Csvg%20xmlns%3D%27http%3A%2F%2Fwww.w3.org%2F2000%2Fsvg%27%20width%3D%27700%27%20height%3D%27525%27%20viewBox%3D%270%200%20700%20525%27%3E%3Crect%20width%3D%27700%27%20height%3D%27525%27%20fill-opacity%3D%220%22%2F%3E%3C%2Fsvg%3E\" data-srcset=\"https:\/\/www.spainfoodsherpas.com\/sfs\/wp-content\/uploads\/2018\/07\/genalguacil-views-200x150.jpg 200w, https:\/\/www.spainfoodsherpas.com\/sfs\/wp-content\/uploads\/2018\/07\/genalguacil-views-300x225.jpg 300w, https:\/\/www.spainfoodsherpas.com\/sfs\/wp-content\/uploads\/2018\/07\/genalguacil-views-400x300.jpg 400w, https:\/\/www.spainfoodsherpas.com\/sfs\/wp-content\/uploads\/2018\/07\/genalguacil-views-600x450.jpg 600w, https:\/\/www.spainfoodsherpas.com\/sfs\/wp-content\/uploads\/2018\/07\/genalguacil-views.jpg 700w\" data-sizes=\"auto\" data-orig-sizes=\"(max-width: 700px) 100vw, 700px\" \/><p id=\"caption-attachment-15760\" class=\"wp-caption-text\">Cr\u00e9dito: Ayto Genalguacil<\/p><\/div>\n<\/div><\/div><\/div><\/div><\/div><div class=\"fusion-fullwidth fullwidth-box fusion-builder-row-3 fusion-flex-container nonhundred-percent-fullwidth non-hundred-percent-height-scrolling\" style=\"--awb-border-radius-top-left:0px;--awb-border-radius-top-right:0px;--awb-border-radius-bottom-right:0px;--awb-border-radius-bottom-left:0px;--awb-flex-wrap:wrap;\" ><div class=\"fusion-builder-row fusion-row fusion-flex-align-items-flex-start fusion-flex-content-wrap\" style=\"max-width:calc( 1170px + 0px );margin-left: calc(-0px \/ 2 );margin-right: calc(-0px \/ 2 );\"><div class=\"fusion-layout-column fusion_builder_column fusion-builder-column-3 fusion_builder_column_1_1 1_1 fusion-flex-column\" style=\"--awb-bg-size:cover;--awb-width-large:100%;--awb-margin-top-large:0px;--awb-spacing-right-large:0px;--awb-margin-bottom-large:20px;--awb-spacing-left-large:0px;--awb-width-medium:100%;--awb-spacing-right-medium:0px;--awb-spacing-left-medium:0px;--awb-width-small:100%;--awb-spacing-right-small:0px;--awb-spacing-left-small:0px;\"><div class=\"fusion-column-wrapper fusion-flex-justify-content-flex-start fusion-content-layout-column\"><div class=\"fusion-separator fusion-full-width-sep\" style=\"align-self: center;margin-left: auto;margin-right: auto;width:100%;\" id=\"genalguacilArte\"><\/div><div class=\"fusion-text fusion-text-7\"><h3><strong>Encuentros de Arte de Genalguacil.<\/strong><\/h3>\n<p>La singularidad de Genalguacil, conocido como el \u201cPueblo museo\u201d, tiene su germen en los llamados Encuentros de Arte, que se vienen celebrando en la localidad desde 1994 durante las dos primeras semanas de agosto. Aunque en su origen fue una convocatoria anual, desde 1996 se celebran cada dos a\u00f1os.<\/p>\n<p>Estos encuentros han conseguido despertar la atenci\u00f3n de artistas de los cinco continentes, atra\u00eddos por lo ex\u00f3tico de la propuesta, e <strong>incluso el New York Times tuvo a bien dedicarles un amplio reportaje en 2014<\/strong>. La din\u00e1mica es sencilla: el ayuntamiento de la localidad proporciona manutenci\u00f3n y alojamiento a los artistas seleccionados y a cambio, los creadores dejan sus obras como legado en el territorio donde fueron realizadas.<\/p>\n<p>No obstante, se trata de una cita que ha ido adquiriendo cierto prestigio, por lo que no resulta f\u00e1cil optar a una de las plazas que se otorgan en cada convocatoria, que son cuidadosamente seleccionadas por diferentes personalidades del mundo del arte.<\/p>\n<\/div><div class=\"fusion-text fusion-text-8\"><div id=\"attachment_15808\" style=\"width: 709px\" class=\"wp-caption alignnone\"><img decoding=\"async\" aria-describedby=\"caption-attachment-15808\" class=\"lazyload wp-image-15808 size-full\" src=\"https:\/\/www.spainfoodsherpas.com\/sfs\/wp-content\/uploads\/2018\/07\/art-encounters-genalguacil-2.jpg\" data-orig-src=\"https:\/\/www.spainfoodsherpas.com\/sfs\/wp-content\/uploads\/2018\/07\/art-encounters-genalguacil-2.jpg\" alt=\"Encuentros de Arte de Genalguacil\" width=\"699\" height=\"903\" srcset=\"data:image\/svg+xml,%3Csvg%20xmlns%3D%27http%3A%2F%2Fwww.w3.org%2F2000%2Fsvg%27%20width%3D%27699%27%20height%3D%27903%27%20viewBox%3D%270%200%20699%20903%27%3E%3Crect%20width%3D%27699%27%20height%3D%27903%27%20fill-opacity%3D%220%22%2F%3E%3C%2Fsvg%3E\" data-srcset=\"https:\/\/www.spainfoodsherpas.com\/sfs\/wp-content\/uploads\/2018\/07\/art-encounters-genalguacil-2-200x258.jpg 200w, https:\/\/www.spainfoodsherpas.com\/sfs\/wp-content\/uploads\/2018\/07\/art-encounters-genalguacil-2-232x300.jpg 232w, https:\/\/www.spainfoodsherpas.com\/sfs\/wp-content\/uploads\/2018\/07\/art-encounters-genalguacil-2-400x517.jpg 400w, https:\/\/www.spainfoodsherpas.com\/sfs\/wp-content\/uploads\/2018\/07\/art-encounters-genalguacil-2-600x775.jpg 600w, https:\/\/www.spainfoodsherpas.com\/sfs\/wp-content\/uploads\/2018\/07\/art-encounters-genalguacil-2.jpg 699w\" data-sizes=\"auto\" data-orig-sizes=\"(max-width: 699px) 100vw, 699px\" \/><p id=\"caption-attachment-15808\" class=\"wp-caption-text\">Cr\u00e9dito: Ayto Genalguacil<\/p><\/div>\n<\/div><\/div><\/div><div class=\"fusion-layout-column fusion_builder_column fusion-builder-column-4 fusion_builder_column_1_1 1_1 fusion-flex-column\" style=\"--awb-bg-size:cover;--awb-width-large:100%;--awb-margin-top-large:0px;--awb-spacing-right-large:0px;--awb-margin-bottom-large:20px;--awb-spacing-left-large:0px;--awb-width-medium:100%;--awb-spacing-right-medium:0px;--awb-spacing-left-medium:0px;--awb-width-small:100%;--awb-spacing-right-small:0px;--awb-spacing-left-small:0px;\"><div class=\"fusion-column-wrapper fusion-flex-justify-content-flex-start fusion-content-layout-column\"><div class=\"fusion-text fusion-text-9\"><p>Durante esas dos semanas, pintores, escultores, ceramistas, y dem\u00e1s artistas se entremezclan con los habitantes del pueblo y los miles de turistas y curiosos que se acercan hasta Genalguacil para disfrutar tan singular evento.<\/p>\n<p>Sus calles y plazas se llenan de vida y el ambiente es amable y festivo. Se genera un clima de total comuni\u00f3n, donde el arte se erige en veh\u00edculo de comunicaci\u00f3n que trasciende cualquier tipo de frontera. Durante esos d\u00edas, Genalguacil se convierte en lo m\u00e1s parecido a una Aldea Global.<\/p>\n<p>A d\u00eda de hoy, Genalguacil cuenta con 140 obras permanentes, de las cuales m\u00e1s de un tercio est\u00e1n dispersas por el pueblo. No existe un itinerario oficial que nos permita ubicarlas, porque aqu\u00ed de lo que se trata es de iniciar una especie de \u201cb\u00fasqueda del tesoro\u201d a trav\u00e9s de sus callejuelas, tejados, fuentes, plazas y recovecos.<\/p>\n<p>Una actividad en la que pueden participar ni\u00f1os y mayores, que ir\u00e1n conociendo esta bella localidad a medida que descubran sus diferentes obras de arte.<\/p>\n<\/div><div class=\"fusion-text fusion-text-10\"><div id=\"attachment_15766\" style=\"width: 710px\" class=\"wp-caption alignnone\"><img decoding=\"async\" aria-describedby=\"caption-attachment-15766\" class=\"lazyload wp-image-15766 size-full\" src=\"https:\/\/www.spainfoodsherpas.com\/sfs\/wp-content\/uploads\/2018\/07\/art-street-genalguacil-1.jpg\" data-orig-src=\"https:\/\/www.spainfoodsherpas.com\/sfs\/wp-content\/uploads\/2018\/07\/art-street-genalguacil-1.jpg\" alt=\"Arte en las calles de genalguacil\" width=\"700\" height=\"769\" srcset=\"data:image\/svg+xml,%3Csvg%20xmlns%3D%27http%3A%2F%2Fwww.w3.org%2F2000%2Fsvg%27%20width%3D%27700%27%20height%3D%27769%27%20viewBox%3D%270%200%20700%20769%27%3E%3Crect%20width%3D%27700%27%20height%3D%27769%27%20fill-opacity%3D%220%22%2F%3E%3C%2Fsvg%3E\" data-srcset=\"https:\/\/www.spainfoodsherpas.com\/sfs\/wp-content\/uploads\/2018\/07\/art-street-genalguacil-1-200x220.jpg 200w, https:\/\/www.spainfoodsherpas.com\/sfs\/wp-content\/uploads\/2018\/07\/art-street-genalguacil-1-273x300.jpg 273w, https:\/\/www.spainfoodsherpas.com\/sfs\/wp-content\/uploads\/2018\/07\/art-street-genalguacil-1-400x439.jpg 400w, https:\/\/www.spainfoodsherpas.com\/sfs\/wp-content\/uploads\/2018\/07\/art-street-genalguacil-1-600x659.jpg 600w, https:\/\/www.spainfoodsherpas.com\/sfs\/wp-content\/uploads\/2018\/07\/art-street-genalguacil-1.jpg 700w\" data-sizes=\"auto\" data-orig-sizes=\"(max-width: 700px) 100vw, 700px\" \/><p id=\"caption-attachment-15766\" class=\"wp-caption-text\">Cr\u00e9dito: Ayto Genalguacil<\/p><\/div>\n<\/div><\/div><\/div><\/div><\/div><div class=\"fusion-fullwidth fullwidth-box fusion-builder-row-4 fusion-flex-container nonhundred-percent-fullwidth non-hundred-percent-height-scrolling\" style=\"--awb-border-radius-top-left:0px;--awb-border-radius-top-right:0px;--awb-border-radius-bottom-right:0px;--awb-border-radius-bottom-left:0px;--awb-flex-wrap:wrap;\" ><div class=\"fusion-builder-row fusion-row fusion-flex-align-items-flex-start fusion-flex-content-wrap\" style=\"max-width:calc( 1170px + 0px );margin-left: calc(-0px \/ 2 );margin-right: calc(-0px \/ 2 );\"><div class=\"fusion-layout-column fusion_builder_column fusion-builder-column-5 fusion_builder_column_1_1 1_1 fusion-flex-column\" style=\"--awb-bg-size:cover;--awb-width-large:100%;--awb-margin-top-large:0px;--awb-spacing-right-large:0px;--awb-margin-bottom-large:20px;--awb-spacing-left-large:0px;--awb-width-medium:100%;--awb-spacing-right-medium:0px;--awb-spacing-left-medium:0px;--awb-width-small:100%;--awb-spacing-right-small:0px;--awb-spacing-left-small:0px;\"><div class=\"fusion-column-wrapper fusion-flex-justify-content-flex-start fusion-content-layout-column\"><div class=\"fusion-separator fusion-full-width-sep\" style=\"align-self: center;margin-left: auto;margin-right: auto;width:100%;\" id=\"genalguacilMuseo\"><\/div><\/div><\/div><div class=\"fusion-layout-column fusion_builder_column fusion-builder-column-6 fusion_builder_column_1_1 1_1 fusion-flex-column\" style=\"--awb-bg-size:cover;--awb-width-large:100%;--awb-margin-top-large:0px;--awb-spacing-right-large:0px;--awb-margin-bottom-large:20px;--awb-spacing-left-large:0px;--awb-width-medium:100%;--awb-spacing-right-medium:0px;--awb-spacing-left-medium:0px;--awb-width-small:100%;--awb-spacing-right-small:0px;--awb-spacing-left-small:0px;\"><div class=\"fusion-column-wrapper fusion-flex-justify-content-flex-start fusion-content-layout-column\"><div class=\"fusion-text fusion-text-11\"><h3><strong>Museo de Arte Contempor\u00e1neo \u201cFernando Centeno L\u00f3pez\u201d<\/strong><\/h3>\n<p>Situado en el centro del pueblo, muy cerca de la Iglesia de San Pedro M\u00e1rtir, del siglo XVIII, desde la que se divisan las estribaciones de bajo Genal, el Museo de Arte Contempor\u00e1neo \u201cFernando Centeno L\u00f3pez\u201d se configura como extensi\u00f3n y complemento del esp\u00edritu que se respira en todo el pueblo.<\/p>\n<p>Inaugurado en 2004, lleva el nombre del alcalde que impuls\u00f3 los Encuentros de Arte y alberga todas aquellas obras resultantes de las sucesivas convocatorias que, por sus caracter\u00edsticas, no pueden estar al aire libre. Es tambi\u00e9n un espacio que acoge diferentes muestras itinerantes de renombrados artistas, como la de las \u201cObras In\u00e9ditas de Picasso en Espa\u00f1a\u201d, que fue la encargada de inaugurar su sala de exposiciones.<\/p>\n<\/div><div class=\"fusion-text fusion-text-12\"><div id=\"attachment_15769\" style=\"width: 710px\" class=\"wp-caption alignnone\"><img decoding=\"async\" aria-describedby=\"caption-attachment-15769\" class=\"lazyload wp-image-15769 size-full\" src=\"https:\/\/www.spainfoodsherpas.com\/sfs\/wp-content\/uploads\/2018\/07\/Museum-of-Contemporary-Art-.jpg\" data-orig-src=\"https:\/\/www.spainfoodsherpas.com\/sfs\/wp-content\/uploads\/2018\/07\/Museum-of-Contemporary-Art-.jpg\" alt=\"Museo de Arte Contempor\u00e1neo\" width=\"700\" height=\"466\" srcset=\"data:image\/svg+xml,%3Csvg%20xmlns%3D%27http%3A%2F%2Fwww.w3.org%2F2000%2Fsvg%27%20width%3D%27700%27%20height%3D%27466%27%20viewBox%3D%270%200%20700%20466%27%3E%3Crect%20width%3D%27700%27%20height%3D%27466%27%20fill-opacity%3D%220%22%2F%3E%3C%2Fsvg%3E\" data-srcset=\"https:\/\/www.spainfoodsherpas.com\/sfs\/wp-content\/uploads\/2018\/07\/Museum-of-Contemporary-Art--200x133.jpg 200w, https:\/\/www.spainfoodsherpas.com\/sfs\/wp-content\/uploads\/2018\/07\/Museum-of-Contemporary-Art--300x200.jpg 300w, https:\/\/www.spainfoodsherpas.com\/sfs\/wp-content\/uploads\/2018\/07\/Museum-of-Contemporary-Art--400x266.jpg 400w, https:\/\/www.spainfoodsherpas.com\/sfs\/wp-content\/uploads\/2018\/07\/Museum-of-Contemporary-Art--600x399.jpg 600w, https:\/\/www.spainfoodsherpas.com\/sfs\/wp-content\/uploads\/2018\/07\/Museum-of-Contemporary-Art-.jpg 700w\" data-sizes=\"auto\" data-orig-sizes=\"(max-width: 700px) 100vw, 700px\" \/><p id=\"caption-attachment-15769\" class=\"wp-caption-text\">Cr\u00e9dito: Ayto Genalguacil<\/p><\/div>\n<\/div><div class=\"fusion-text fusion-text-13\"><p>En la entrada al museo hay una exposici\u00f3n\/tienda en la que podremos adquirir alg\u00fan recuerdo de la artesan\u00eda local. Porque Genalguacil es tambi\u00e9n una tierra de larga tradici\u00f3n artesana, basada en elementos como el esparto, el corcho, la piedra o la madera.<\/p>\n<p>No en vano, la artesan\u00eda es otro de los pilares fundamentales sobre los que se asienta la econom\u00eda local, adem\u00e1s de constituir una actividad imprescindible para comprender su Historia. Resulta muy recomendable visitar alguno de los talleres de la localidad, como los de artesan\u00eda textil, en los que podremos conocer de primera mano c\u00f3mo se elaboran mantas, cortinas y bufandas siguiendo t\u00e9cnicas centenarias.<\/p>\n<p><strong>Direcci\u00f3n:<\/strong> C Lomilla n\u00ba 9.<\/p>\n<p><strong>Tlf:<\/strong> 952 152 130.<\/p>\n<p><strong>Horario: <\/strong><\/p>\n<p>-Invierno: viernes, s\u00e1bado y domingo. Ma\u00f1anas de 11:00 a 14:00. Tardes de\u00a016:00 a 19:00.<\/p>\n<p>-Verano: jueves, viernes, s\u00e1bado y domingo (en agosto todos los d\u00edas) Ma\u00f1anas de 11:00 a 14:00 y tardes de 16:00 a 20:30.<\/p>\n<p><strong>Precio:<\/strong> 2 euros por persona, excepto menores de 13 a\u00f1os. Precios especiales para grupos (a partir de 10 miembros)<\/p>\n<\/div><\/div><\/div><\/div><\/div><div class=\"fusion-fullwidth fullwidth-box fusion-builder-row-5 fusion-flex-container nonhundred-percent-fullwidth non-hundred-percent-height-scrolling\" style=\"--awb-border-radius-top-left:0px;--awb-border-radius-top-right:0px;--awb-border-radius-bottom-right:0px;--awb-border-radius-bottom-left:0px;--awb-flex-wrap:wrap;\" ><div class=\"fusion-builder-row fusion-row fusion-flex-align-items-flex-start fusion-flex-content-wrap\" style=\"max-width:calc( 1170px + 0px );margin-left: calc(-0px \/ 2 );margin-right: calc(-0px \/ 2 );\"><div class=\"fusion-layout-column fusion_builder_column fusion-builder-column-7 fusion_builder_column_1_1 1_1 fusion-flex-column\" style=\"--awb-bg-size:cover;--awb-width-large:100%;--awb-margin-top-large:0px;--awb-spacing-right-large:0px;--awb-margin-bottom-large:20px;--awb-spacing-left-large:0px;--awb-width-medium:100%;--awb-spacing-right-medium:0px;--awb-spacing-left-medium:0px;--awb-width-small:100%;--awb-spacing-right-small:0px;--awb-spacing-left-small:0px;\"><div class=\"fusion-column-wrapper fusion-flex-justify-content-flex-start fusion-content-layout-column\"><div class=\"fusion-separator fusion-full-width-sep\" style=\"align-self: center;margin-left: auto;margin-right: auto;width:100%;\" id=\"genalguacilComer\"><\/div><\/div><\/div><div class=\"fusion-layout-column fusion_builder_column fusion-builder-column-8 fusion_builder_column_1_1 1_1 fusion-flex-column\" style=\"--awb-bg-size:cover;--awb-width-large:100%;--awb-margin-top-large:0px;--awb-spacing-right-large:0px;--awb-margin-bottom-large:20px;--awb-spacing-left-large:0px;--awb-width-medium:100%;--awb-spacing-right-medium:0px;--awb-spacing-left-medium:0px;--awb-width-small:100%;--awb-spacing-right-small:0px;--awb-spacing-left-small:0px;\"><div class=\"fusion-column-wrapper fusion-flex-justify-content-flex-start fusion-content-layout-column\"><div class=\"fusion-text fusion-text-14\"><h3><strong>Qu\u00e9 comer en Genalgucil.<\/strong><\/h3>\n<p>Como no s\u00f3lo de arte vive el hombre, despu\u00e9s de una larga jornada de paseo por el pueblo nada mejor que hacer una parada para disfrutar de su gastronom\u00eda local, en muchos casos sujeta a la estacionalidad. Platos contundentes y de inspiraci\u00f3n serrana, como los diversos potajes de garbanzos, los guisos de conejo, las chacinas de cerdo, el potaje de hinojos, el revuelto de setas y ajetes o su celeb\u00e9rrimo gazpacho caliente, elaborado con productos de la tierra.<\/p>\n<p>Si lo que buscamos es disfrutar de un almuerzo largo y tranquilo, <a href=\"https:\/\/www.tripadvisor.es\/Restaurant_Review-g2443345-d7350707-Reviews-Venta_Las_Cruces-Genalguacil_Province_of_Malaga_Andalucia.html\"><strong>Venta Las Cruces<\/strong><\/a>\u00a0 (C Las Cruces, 8 \u2013 Tlf: 952 152 039  619 937 246) es el lugar id\u00f3neo. Esta acogedora casa de comidas situada a la entrada de la villa ofrece un sinf\u00edn de especialidades caseras que har\u00e1n las delicias de cualquier visitante.<\/p>\n<p>Cabe destacar su estofado de carne (de cerdo o ternera, dependiendo del d\u00eda) con boletus, su carrilleras de cerdo guisadas o su cl\u00e1sico plato monta\u00f1\u00e9s, compuesto por huevos fritos, chorizo, jam\u00f3n y \u201cpapas a lo pobre\u201d Todo ello, claro est\u00e1, regado con un buen vino de la tierra.<\/p>\n<p>Pero si lo que queremos es algo m\u00e1s informal, el tapeo tambi\u00e9n est\u00e1 presente en Genalguacil en bares como <strong>El Refugio<\/strong> (C Duende, 4 \u2013 Tlf: 952 152 018) o <strong>El Patio<\/strong> (C Asperilla, 11 \u2013 Tlf: 680 665 225), en los que podremos degustar desde los cl\u00e1sicos montaditos y tortillas hasta butifarras y pinchos de gambas.<\/p>\n<\/div><div class=\"fusion-text fusion-text-15\"><p><img decoding=\"async\" class=\"lazyload alignnone wp-image-15781 size-full\" src=\"https:\/\/www.spainfoodsherpas.com\/sfs\/wp-content\/uploads\/2018\/07\/Restaurante-Baro\u0301n_Ista\u0301n1.jpg\" data-orig-src=\"https:\/\/www.spainfoodsherpas.com\/sfs\/wp-content\/uploads\/2018\/07\/Restaurante-Baro\u0301n_Ista\u0301n1.jpg\" alt=\"Plato de los montes\" width=\"700\" height=\"467\" srcset=\"data:image\/svg+xml,%3Csvg%20xmlns%3D%27http%3A%2F%2Fwww.w3.org%2F2000%2Fsvg%27%20width%3D%27700%27%20height%3D%27467%27%20viewBox%3D%270%200%20700%20467%27%3E%3Crect%20width%3D%27700%27%20height%3D%27467%27%20fill-opacity%3D%220%22%2F%3E%3C%2Fsvg%3E\" data-srcset=\"https:\/\/www.spainfoodsherpas.com\/sfs\/wp-content\/uploads\/2018\/07\/Restaurante-Baro\u0301n_Ista\u0301n1-200x133.jpg 200w, https:\/\/www.spainfoodsherpas.com\/sfs\/wp-content\/uploads\/2018\/07\/Restaurante-Baro\u0301n_Ista\u0301n1-300x200.jpg 300w, https:\/\/www.spainfoodsherpas.com\/sfs\/wp-content\/uploads\/2018\/07\/Restaurante-Baro\u0301n_Ista\u0301n1-400x267.jpg 400w, https:\/\/www.spainfoodsherpas.com\/sfs\/wp-content\/uploads\/2018\/07\/Restaurante-Baro\u0301n_Ista\u0301n1-600x400.jpg 600w, https:\/\/www.spainfoodsherpas.com\/sfs\/wp-content\/uploads\/2018\/07\/Restaurante-Baro\u0301n_Ista\u0301n1.jpg 700w\" data-sizes=\"auto\" data-orig-sizes=\"(max-width: 700px) 100vw, 700px\" \/><\/p>\n<\/div><\/div><\/div><\/div><\/div><div class=\"fusion-fullwidth fullwidth-box fusion-builder-row-6 fusion-flex-container nonhundred-percent-fullwidth non-hundred-percent-height-scrolling\" style=\"--awb-border-radius-top-left:0px;--awb-border-radius-top-right:0px;--awb-border-radius-bottom-right:0px;--awb-border-radius-bottom-left:0px;--awb-flex-wrap:wrap;\" ><div class=\"fusion-builder-row fusion-row fusion-flex-align-items-flex-start fusion-flex-content-wrap\" style=\"max-width:calc( 1170px + 0px );margin-left: calc(-0px \/ 2 );margin-right: calc(-0px \/ 2 );\"><div class=\"fusion-layout-column fusion_builder_column fusion-builder-column-9 fusion_builder_column_1_1 1_1 fusion-flex-column\" style=\"--awb-bg-size:cover;--awb-width-large:100%;--awb-margin-top-large:0px;--awb-spacing-right-large:0px;--awb-margin-bottom-large:20px;--awb-spacing-left-large:0px;--awb-width-medium:100%;--awb-spacing-right-medium:0px;--awb-spacing-left-medium:0px;--awb-width-small:100%;--awb-spacing-right-small:0px;--awb-spacing-left-small:0px;\"><div class=\"fusion-column-wrapper fusion-flex-justify-content-flex-start fusion-content-layout-column\"><div class=\"fusion-separator fusion-full-width-sep\" style=\"align-self: center;margin-left: auto;margin-right: auto;width:100%;\" id=\"genalguacilDormir\"><\/div><\/div><\/div><div class=\"fusion-layout-column fusion_builder_column fusion-builder-column-10 fusion_builder_column_1_1 1_1 fusion-flex-column\" style=\"--awb-bg-size:cover;--awb-width-large:100%;--awb-margin-top-large:0px;--awb-spacing-right-large:0px;--awb-margin-bottom-large:20px;--awb-spacing-left-large:0px;--awb-width-medium:100%;--awb-spacing-right-medium:0px;--awb-spacing-left-medium:0px;--awb-width-small:100%;--awb-spacing-right-small:0px;--awb-spacing-left-small:0px;\"><div class=\"fusion-column-wrapper fusion-flex-justify-content-flex-start fusion-content-layout-column\"><div class=\"fusion-text fusion-text-16\"><h3><strong>D\u00f3nde alojarse en Genalguacil<\/strong><\/h3>\n<p>Al ser un pueblo peque\u00f1o la oferta de alojamientos siempre ha sido limitada, aunque es cierto que gracias a las nuevas plataformas de alquiler de apartamentos tur\u00edsticos y casas rurales, la cosa va cambiando.<\/p>\n<p>Es el caso de los<a href=\"https:\/\/www.booking.com\/hotel\/es\/apartamentos-rurales-jardines-del-visir.en.html?aid=1923008&amp;no_rooms=1&amp;group_adults=2\" target=\"_blank\" rel=\"noopener\"> Apartamentos Rurales Jardines del Visir<\/a> que cuentan con todas las comodidades (incluso un gimnasio) en pleno centro del pueblo, o la antigua <a href=\"https:\/\/www.booking.com\/hotel\/es\/la-posada-del-recovero.en.html?aid=1923008&amp;no_rooms=1&amp;group_adults=2\" target=\"_blank\" rel=\"noopener\">Posada del Recovero<\/a> que es tambi\u00e9n bar de tapas y est\u00e1 muy cerca de la plaza.<\/p>\n<\/div><\/div><\/div><\/div><\/div><div class=\"fusion-fullwidth fullwidth-box fusion-builder-row-7 fusion-flex-container nonhundred-percent-fullwidth non-hundred-percent-height-scrolling\" style=\"--awb-border-radius-top-left:0px;--awb-border-radius-top-right:0px;--awb-border-radius-bottom-right:0px;--awb-border-radius-bottom-left:0px;--awb-flex-wrap:wrap;\" ><div class=\"fusion-builder-row fusion-row fusion-flex-align-items-flex-start fusion-flex-content-wrap\" style=\"max-width:calc( 1170px + 0px );margin-left: calc(-0px \/ 2 );margin-right: calc(-0px \/ 2 );\"><div class=\"fusion-layout-column fusion_builder_column fusion-builder-column-11 fusion_builder_column_1_1 1_1 fusion-flex-column\" style=\"--awb-bg-size:cover;--awb-width-large:100%;--awb-margin-top-large:0px;--awb-spacing-right-large:0px;--awb-margin-bottom-large:20px;--awb-spacing-left-large:0px;--awb-width-medium:100%;--awb-spacing-right-medium:0px;--awb-spacing-left-medium:0px;--awb-width-small:100%;--awb-spacing-right-small:0px;--awb-spacing-left-small:0px;\"><div class=\"fusion-column-wrapper fusion-flex-justify-content-flex-start fusion-content-layout-column\"><div class=\"fusion-separator fusion-full-width-sep\" style=\"align-self: center;margin-left: auto;margin-right: auto;width:100%;\" id=\"genalguacilLlegar\"><\/div><\/div><\/div><div class=\"fusion-layout-column fusion_builder_column fusion-builder-column-12 fusion_builder_column_1_1 1_1 fusion-flex-column\" style=\"--awb-bg-size:cover;--awb-width-large:100%;--awb-margin-top-large:0px;--awb-spacing-right-large:0px;--awb-margin-bottom-large:20px;--awb-spacing-left-large:0px;--awb-width-medium:100%;--awb-spacing-right-medium:0px;--awb-spacing-left-medium:0px;--awb-width-small:100%;--awb-spacing-right-small:0px;--awb-spacing-left-small:0px;\"><div class=\"fusion-column-wrapper fusion-flex-justify-content-flex-start fusion-content-layout-column\"><div class=\"fusion-text fusion-text-17\"><h3><strong>C\u00f3mo llegar a Genalguacil.<\/strong><\/h3>\n<p>El acceso a trav\u00e9s de transporte p\u00fablico puede realizarse en autob\u00fas.<\/p>\n<ul>\n<li>&#8211;<u>Transportes Generales Comes<\/u> explota la l\u00ednea regular Ronda \u2013<\/li>\n<li>Para informaci\u00f3n sobre horarios y frecuencias hay que dirigirse a la<\/li>\n<li>Estaci\u00f3n de Autobuses de Ronda. <strong>Tlf:<\/strong> 952 871 992.<\/li>\n<\/ul>\n<p>Pero si lo que desea es disfrutar conduciendo a trav\u00e9s de sus carreteras, hay varias opciones:<\/p>\n<ul>\n<li>Desde Ronda hay que seguir la carretera que une esta ciudad con Algeciras. A unos 30 kms. llegar\u00e1 a Algatoc\u00edn. All\u00ed debe atravesar el pueblo y a unos 12 kms, tras cruzar el R\u00edo Genal y sus frondosos bosques, llegar\u00e1 a Genalguacil.<\/li>\n<li>Desde la Costa del Sol, partiendo de Estepona, se encuentra la carretera que la une con nuestra localidad pasando por Pe\u00f1as Blancas y Jubrique. El trayecto es de unos 30 kms.<\/li>\n<li>Si dispone de un veh\u00edculo todo terreno, puede tomar la pista que hay en el Puerto de Pe\u00f1as Blancas y que en 17 kms. le acercar\u00e1 hasta el destino.<\/li>\n<\/ul>\n<p><strong>\u00a0<\/strong><\/p>\n<\/div><\/div><\/div><div class=\"fusion-layout-column fusion_builder_column fusion-builder-column-13 fusion_builder_column_1_1 1_1 fusion-flex-column\" style=\"--awb-bg-size:cover;--awb-width-large:100%;--awb-margin-top-large:0px;--awb-spacing-right-large:0px;--awb-margin-bottom-large:20px;--awb-spacing-left-large:0px;--awb-width-medium:100%;--awb-spacing-right-medium:0px;--awb-spacing-left-medium:0px;--awb-width-small:100%;--awb-spacing-right-small:0px;--awb-spacing-left-small:0px;\"><div class=\"fusion-column-wrapper fusion-flex-justify-content-flex-start fusion-content-layout-column\"><div class=\"fusion-text fusion-text-18\"><p><strong><em>Art\u00edculo escrito por Javier Fern\u00e1ndez Elena<\/em><\/strong><\/p>\n<\/div><\/div><\/div><\/div><\/div><\/p>\n","protected":false},"excerpt":{"rendered":"","protected":false},"author":1001006,"featured_media":15765,"comment_status":"open","ping_status":"open","sticky":false,"template":"","format":"standard","meta":{"footnotes":""},"categories":[422,601,421],"tags":[],"class_list":["post-20524","post","type-post","status-publish","format-standard","has-post-thumbnail","hentry","category-descubre-malaga","category-malaga-es","category-pueblos-malaga"],"yoast_head":"<!-- This site is optimized with the Yoast SEO plugin v27.4 - https:\/\/yoast.com\/product\/yoast-seo-wordpress\/ -->\n<title>Genalguacil, M\u00e1laga - El Pueblo Museo<\/title>\n<meta name=\"robots\" content=\"index, follow, max-snippet:-1, max-image-preview:large, max-video-preview:-1\" \/>\n<link rel=\"canonical\" href=\"https:\/\/www.spainfoodsherpas.com\/es\/genalguacil-malaga-el-pueblo-museo\/\" \/>\n<meta property=\"og:locale\" content=\"es_ES\" \/>\n<meta property=\"og:type\" content=\"article\" \/>\n<meta property=\"og:title\" content=\"Genalguacil, M\u00e1laga - El Pueblo Museo\" \/>\n<meta property=\"og:url\" content=\"https:\/\/www.spainfoodsherpas.com\/es\/genalguacil-malaga-el-pueblo-museo\/\" \/>\n<meta property=\"og:site_name\" content=\"Spain Food Sherpas\" \/>\n<meta property=\"article:publisher\" content=\"https:\/\/www.facebook.com\/spainfoodsherpas\" \/>\n<meta property=\"article:published_time\" content=\"2021-01-13T11:59:41+00:00\" \/>\n<meta property=\"article:modified_time\" content=\"2021-02-04T11:13:48+00:00\" \/>\n<meta property=\"og:image\" content=\"https:\/\/www.spainfoodsherpas.com\/sfs\/wp-content\/uploads\/2018\/07\/main-square-genalguacil-malaga.jpg\" \/>\n\t<meta property=\"og:image:width\" content=\"700\" \/>\n\t<meta property=\"og:image:height\" content=\"467\" \/>\n\t<meta property=\"og:image:type\" content=\"image\/jpeg\" \/>\n<meta name=\"author\" content=\"Javier Fernandez\" \/>\n<meta name=\"twitter:card\" content=\"summary_large_image\" \/>\n<meta name=\"twitter:label1\" content=\"Escrito por\" \/>\n\t<meta name=\"twitter:data1\" content=\"Javier Fernandez\" \/>\n\t<meta name=\"twitter:label2\" content=\"Tiempo de lectura\" \/>\n\t<meta name=\"twitter:data2\" content=\"15 minutos\" \/>\n<script type=\"application\/ld+json\" class=\"yoast-schema-graph\">{\"@context\":\"https:\\\/\\\/schema.org\",\"@graph\":[{\"@type\":\"Article\",\"@id\":\"https:\\\/\\\/www.spainfoodsherpas.com\\\/es\\\/genalguacil-malaga-el-pueblo-museo\\\/#article\",\"isPartOf\":{\"@id\":\"https:\\\/\\\/www.spainfoodsherpas.com\\\/es\\\/genalguacil-malaga-el-pueblo-museo\\\/\"},\"author\":{\"name\":\"Javier Fernandez\",\"@id\":\"https:\\\/\\\/www.spainfoodsherpas.com\\\/#\\\/schema\\\/person\\\/d91e45cc8b4b9c7381f9139dc246259f\"},\"headline\":\"Genalguacil, M\u00e1laga &#8211; El Pueblo Museo\",\"datePublished\":\"2021-01-13T11:59:41+00:00\",\"dateModified\":\"2021-02-04T11:13:48+00:00\",\"mainEntityOfPage\":{\"@id\":\"https:\\\/\\\/www.spainfoodsherpas.com\\\/es\\\/genalguacil-malaga-el-pueblo-museo\\\/\"},\"wordCount\":5007,\"commentCount\":0,\"image\":{\"@id\":\"https:\\\/\\\/www.spainfoodsherpas.com\\\/es\\\/genalguacil-malaga-el-pueblo-museo\\\/#primaryimage\"},\"thumbnailUrl\":\"https:\\\/\\\/www.spainfoodsherpas.com\\\/sfs\\\/wp-content\\\/uploads\\\/2018\\\/07\\\/main-square-genalguacil-malaga.jpg\",\"articleSection\":[\"Descubriendo M\u00e1laga\",\"Malaga\",\"Pueblos de M\u00e1laga\"],\"inLanguage\":\"es\",\"potentialAction\":[{\"@type\":\"CommentAction\",\"name\":\"Comment\",\"target\":[\"https:\\\/\\\/www.spainfoodsherpas.com\\\/es\\\/genalguacil-malaga-el-pueblo-museo\\\/#respond\"]}]},{\"@type\":\"WebPage\",\"@id\":\"https:\\\/\\\/www.spainfoodsherpas.com\\\/es\\\/genalguacil-malaga-el-pueblo-museo\\\/\",\"url\":\"https:\\\/\\\/www.spainfoodsherpas.com\\\/es\\\/genalguacil-malaga-el-pueblo-museo\\\/\",\"name\":\"Genalguacil, M\u00e1laga - El Pueblo Museo\",\"isPartOf\":{\"@id\":\"https:\\\/\\\/www.spainfoodsherpas.com\\\/#website\"},\"primaryImageOfPage\":{\"@id\":\"https:\\\/\\\/www.spainfoodsherpas.com\\\/es\\\/genalguacil-malaga-el-pueblo-museo\\\/#primaryimage\"},\"image\":{\"@id\":\"https:\\\/\\\/www.spainfoodsherpas.com\\\/es\\\/genalguacil-malaga-el-pueblo-museo\\\/#primaryimage\"},\"thumbnailUrl\":\"https:\\\/\\\/www.spainfoodsherpas.com\\\/sfs\\\/wp-content\\\/uploads\\\/2018\\\/07\\\/main-square-genalguacil-malaga.jpg\",\"datePublished\":\"2021-01-13T11:59:41+00:00\",\"dateModified\":\"2021-02-04T11:13:48+00:00\",\"author\":{\"@id\":\"https:\\\/\\\/www.spainfoodsherpas.com\\\/#\\\/schema\\\/person\\\/d91e45cc8b4b9c7381f9139dc246259f\"},\"breadcrumb\":{\"@id\":\"https:\\\/\\\/www.spainfoodsherpas.com\\\/es\\\/genalguacil-malaga-el-pueblo-museo\\\/#breadcrumb\"},\"inLanguage\":\"es\",\"potentialAction\":[{\"@type\":\"ReadAction\",\"target\":[\"https:\\\/\\\/www.spainfoodsherpas.com\\\/es\\\/genalguacil-malaga-el-pueblo-museo\\\/\"]}]},{\"@type\":\"ImageObject\",\"inLanguage\":\"es\",\"@id\":\"https:\\\/\\\/www.spainfoodsherpas.com\\\/es\\\/genalguacil-malaga-el-pueblo-museo\\\/#primaryimage\",\"url\":\"https:\\\/\\\/www.spainfoodsherpas.com\\\/sfs\\\/wp-content\\\/uploads\\\/2018\\\/07\\\/main-square-genalguacil-malaga.jpg\",\"contentUrl\":\"https:\\\/\\\/www.spainfoodsherpas.com\\\/sfs\\\/wp-content\\\/uploads\\\/2018\\\/07\\\/main-square-genalguacil-malaga.jpg\",\"width\":700,\"height\":467,\"caption\":\"genalguacil malaga el pueblo museo\"},{\"@type\":\"BreadcrumbList\",\"@id\":\"https:\\\/\\\/www.spainfoodsherpas.com\\\/es\\\/genalguacil-malaga-el-pueblo-museo\\\/#breadcrumb\",\"itemListElement\":[{\"@type\":\"ListItem\",\"position\":1,\"name\":\"Home\",\"item\":\"https:\\\/\\\/www.spainfoodsherpas.com\\\/es\\\/\"},{\"@type\":\"ListItem\",\"position\":2,\"name\":\"Descubriendo M\u00e1laga\",\"item\":\"https:\\\/\\\/www.spainfoodsherpas.com\\\/es\\\/category\\\/descubre-malaga\\\/\"},{\"@type\":\"ListItem\",\"position\":3,\"name\":\"Genalguacil, M\u00e1laga &#8211; El Pueblo Museo\"}]},{\"@type\":\"WebSite\",\"@id\":\"https:\\\/\\\/www.spainfoodsherpas.com\\\/#website\",\"url\":\"https:\\\/\\\/www.spainfoodsherpas.com\\\/\",\"name\":\"Spain Food Sherpas\",\"description\":\"Food Travel Experiences\",\"potentialAction\":[{\"@type\":\"SearchAction\",\"target\":{\"@type\":\"EntryPoint\",\"urlTemplate\":\"https:\\\/\\\/www.spainfoodsherpas.com\\\/?s={search_term_string}\"},\"query-input\":{\"@type\":\"PropertyValueSpecification\",\"valueRequired\":true,\"valueName\":\"search_term_string\"}}],\"inLanguage\":\"es\"},{\"@type\":\"Person\",\"@id\":\"https:\\\/\\\/www.spainfoodsherpas.com\\\/#\\\/schema\\\/person\\\/d91e45cc8b4b9c7381f9139dc246259f\",\"name\":\"Javier Fernandez\",\"image\":{\"@type\":\"ImageObject\",\"inLanguage\":\"es\",\"@id\":\"https:\\\/\\\/secure.gravatar.com\\\/avatar\\\/3c516dab6dc39e8b599e1fb0902d6c12c84309cf33bf936f4719e646036eb73a?s=96&d=mm&r=g\",\"url\":\"https:\\\/\\\/secure.gravatar.com\\\/avatar\\\/3c516dab6dc39e8b599e1fb0902d6c12c84309cf33bf936f4719e646036eb73a?s=96&d=mm&r=g\",\"contentUrl\":\"https:\\\/\\\/secure.gravatar.com\\\/avatar\\\/3c516dab6dc39e8b599e1fb0902d6c12c84309cf33bf936f4719e646036eb73a?s=96&d=mm&r=g\",\"caption\":\"Javier Fernandez\"}}]}<\/script>\n<!-- \/ Yoast SEO plugin. -->","yoast_head_json":{"title":"Genalguacil, M\u00e1laga - El Pueblo Museo","robots":{"index":"index","follow":"follow","max-snippet":"max-snippet:-1","max-image-preview":"max-image-preview:large","max-video-preview":"max-video-preview:-1"},"canonical":"https:\/\/www.spainfoodsherpas.com\/es\/genalguacil-malaga-el-pueblo-museo\/","og_locale":"es_ES","og_type":"article","og_title":"Genalguacil, M\u00e1laga - El Pueblo Museo","og_url":"https:\/\/www.spainfoodsherpas.com\/es\/genalguacil-malaga-el-pueblo-museo\/","og_site_name":"Spain Food Sherpas","article_publisher":"https:\/\/www.facebook.com\/spainfoodsherpas","article_published_time":"2021-01-13T11:59:41+00:00","article_modified_time":"2021-02-04T11:13:48+00:00","og_image":[{"width":700,"height":467,"url":"https:\/\/www.spainfoodsherpas.com\/sfs\/wp-content\/uploads\/2018\/07\/main-square-genalguacil-malaga.jpg","type":"image\/jpeg"}],"author":"Javier Fernandez","twitter_card":"summary_large_image","twitter_misc":{"Escrito por":"Javier Fernandez","Tiempo de lectura":"15 minutos"},"schema":{"@context":"https:\/\/schema.org","@graph":[{"@type":"Article","@id":"https:\/\/www.spainfoodsherpas.com\/es\/genalguacil-malaga-el-pueblo-museo\/#article","isPartOf":{"@id":"https:\/\/www.spainfoodsherpas.com\/es\/genalguacil-malaga-el-pueblo-museo\/"},"author":{"name":"Javier Fernandez","@id":"https:\/\/www.spainfoodsherpas.com\/#\/schema\/person\/d91e45cc8b4b9c7381f9139dc246259f"},"headline":"Genalguacil, M\u00e1laga &#8211; El Pueblo Museo","datePublished":"2021-01-13T11:59:41+00:00","dateModified":"2021-02-04T11:13:48+00:00","mainEntityOfPage":{"@id":"https:\/\/www.spainfoodsherpas.com\/es\/genalguacil-malaga-el-pueblo-museo\/"},"wordCount":5007,"commentCount":0,"image":{"@id":"https:\/\/www.spainfoodsherpas.com\/es\/genalguacil-malaga-el-pueblo-museo\/#primaryimage"},"thumbnailUrl":"https:\/\/www.spainfoodsherpas.com\/sfs\/wp-content\/uploads\/2018\/07\/main-square-genalguacil-malaga.jpg","articleSection":["Descubriendo M\u00e1laga","Malaga","Pueblos de M\u00e1laga"],"inLanguage":"es","potentialAction":[{"@type":"CommentAction","name":"Comment","target":["https:\/\/www.spainfoodsherpas.com\/es\/genalguacil-malaga-el-pueblo-museo\/#respond"]}]},{"@type":"WebPage","@id":"https:\/\/www.spainfoodsherpas.com\/es\/genalguacil-malaga-el-pueblo-museo\/","url":"https:\/\/www.spainfoodsherpas.com\/es\/genalguacil-malaga-el-pueblo-museo\/","name":"Genalguacil, M\u00e1laga - El Pueblo Museo","isPartOf":{"@id":"https:\/\/www.spainfoodsherpas.com\/#website"},"primaryImageOfPage":{"@id":"https:\/\/www.spainfoodsherpas.com\/es\/genalguacil-malaga-el-pueblo-museo\/#primaryimage"},"image":{"@id":"https:\/\/www.spainfoodsherpas.com\/es\/genalguacil-malaga-el-pueblo-museo\/#primaryimage"},"thumbnailUrl":"https:\/\/www.spainfoodsherpas.com\/sfs\/wp-content\/uploads\/2018\/07\/main-square-genalguacil-malaga.jpg","datePublished":"2021-01-13T11:59:41+00:00","dateModified":"2021-02-04T11:13:48+00:00","author":{"@id":"https:\/\/www.spainfoodsherpas.com\/#\/schema\/person\/d91e45cc8b4b9c7381f9139dc246259f"},"breadcrumb":{"@id":"https:\/\/www.spainfoodsherpas.com\/es\/genalguacil-malaga-el-pueblo-museo\/#breadcrumb"},"inLanguage":"es","potentialAction":[{"@type":"ReadAction","target":["https:\/\/www.spainfoodsherpas.com\/es\/genalguacil-malaga-el-pueblo-museo\/"]}]},{"@type":"ImageObject","inLanguage":"es","@id":"https:\/\/www.spainfoodsherpas.com\/es\/genalguacil-malaga-el-pueblo-museo\/#primaryimage","url":"https:\/\/www.spainfoodsherpas.com\/sfs\/wp-content\/uploads\/2018\/07\/main-square-genalguacil-malaga.jpg","contentUrl":"https:\/\/www.spainfoodsherpas.com\/sfs\/wp-content\/uploads\/2018\/07\/main-square-genalguacil-malaga.jpg","width":700,"height":467,"caption":"genalguacil malaga el pueblo museo"},{"@type":"BreadcrumbList","@id":"https:\/\/www.spainfoodsherpas.com\/es\/genalguacil-malaga-el-pueblo-museo\/#breadcrumb","itemListElement":[{"@type":"ListItem","position":1,"name":"Home","item":"https:\/\/www.spainfoodsherpas.com\/es\/"},{"@type":"ListItem","position":2,"name":"Descubriendo M\u00e1laga","item":"https:\/\/www.spainfoodsherpas.com\/es\/category\/descubre-malaga\/"},{"@type":"ListItem","position":3,"name":"Genalguacil, M\u00e1laga &#8211; El Pueblo Museo"}]},{"@type":"WebSite","@id":"https:\/\/www.spainfoodsherpas.com\/#website","url":"https:\/\/www.spainfoodsherpas.com\/","name":"Spain Food Sherpas","description":"Food Travel Experiences","potentialAction":[{"@type":"SearchAction","target":{"@type":"EntryPoint","urlTemplate":"https:\/\/www.spainfoodsherpas.com\/?s={search_term_string}"},"query-input":{"@type":"PropertyValueSpecification","valueRequired":true,"valueName":"search_term_string"}}],"inLanguage":"es"},{"@type":"Person","@id":"https:\/\/www.spainfoodsherpas.com\/#\/schema\/person\/d91e45cc8b4b9c7381f9139dc246259f","name":"Javier Fernandez","image":{"@type":"ImageObject","inLanguage":"es","@id":"https:\/\/secure.gravatar.com\/avatar\/3c516dab6dc39e8b599e1fb0902d6c12c84309cf33bf936f4719e646036eb73a?s=96&d=mm&r=g","url":"https:\/\/secure.gravatar.com\/avatar\/3c516dab6dc39e8b599e1fb0902d6c12c84309cf33bf936f4719e646036eb73a?s=96&d=mm&r=g","contentUrl":"https:\/\/secure.gravatar.com\/avatar\/3c516dab6dc39e8b599e1fb0902d6c12c84309cf33bf936f4719e646036eb73a?s=96&d=mm&r=g","caption":"Javier Fernandez"}}]}},"_links":{"self":[{"href":"https:\/\/www.spainfoodsherpas.com\/es\/wp-json\/wp\/v2\/posts\/20524","targetHints":{"allow":["GET"]}}],"collection":[{"href":"https:\/\/www.spainfoodsherpas.com\/es\/wp-json\/wp\/v2\/posts"}],"about":[{"href":"https:\/\/www.spainfoodsherpas.com\/es\/wp-json\/wp\/v2\/types\/post"}],"author":[{"embeddable":true,"href":"https:\/\/www.spainfoodsherpas.com\/es\/wp-json\/wp\/v2\/users\/1001006"}],"replies":[{"embeddable":true,"href":"https:\/\/www.spainfoodsherpas.com\/es\/wp-json\/wp\/v2\/comments?post=20524"}],"version-history":[{"count":12,"href":"https:\/\/www.spainfoodsherpas.com\/es\/wp-json\/wp\/v2\/posts\/20524\/revisions"}],"predecessor-version":[{"id":20549,"href":"https:\/\/www.spainfoodsherpas.com\/es\/wp-json\/wp\/v2\/posts\/20524\/revisions\/20549"}],"wp:featuredmedia":[{"embeddable":true,"href":"https:\/\/www.spainfoodsherpas.com\/es\/wp-json\/wp\/v2\/media\/15765"}],"wp:attachment":[{"href":"https:\/\/www.spainfoodsherpas.com\/es\/wp-json\/wp\/v2\/media?parent=20524"}],"wp:term":[{"taxonomy":"category","embeddable":true,"href":"https:\/\/www.spainfoodsherpas.com\/es\/wp-json\/wp\/v2\/categories?post=20524"},{"taxonomy":"post_tag","embeddable":true,"href":"https:\/\/www.spainfoodsherpas.com\/es\/wp-json\/wp\/v2\/tags?post=20524"}],"curies":[{"name":"wp","href":"https:\/\/api.w.org\/{rel}","templated":true}]}}