
{"id":20287,"date":"2021-01-05T19:00:44","date_gmt":"2021-01-05T17:00:44","guid":{"rendered":"https:\/\/www.spainfoodsherpas.com\/?p=20287"},"modified":"2021-01-06T11:26:30","modified_gmt":"2021-01-06T09:26:30","slug":"que-hacer-en-antequera-torcal-dolmenes-iglesias-y-comida-exquisita","status":"publish","type":"post","link":"https:\/\/www.spainfoodsherpas.com\/es\/que-hacer-en-antequera-torcal-dolmenes-iglesias-y-comida-exquisita\/","title":{"rendered":"Qu\u00e9 hacer en Antequera &#8211; Torcal, D\u00f3lmenes, Iglesias y Comida exquisita"},"content":{"rendered":"<p><div class=\"fusion-fullwidth fullwidth-box fusion-builder-row-1 fusion-flex-container nonhundred-percent-fullwidth non-hundred-percent-height-scrolling\" style=\"--awb-border-radius-top-left:0px;--awb-border-radius-top-right:0px;--awb-border-radius-bottom-right:0px;--awb-border-radius-bottom-left:0px;--awb-flex-wrap:wrap;\" ><div class=\"fusion-builder-row fusion-row fusion-flex-align-items-flex-start fusion-flex-content-wrap\" style=\"max-width:calc( 1170px + 0px );margin-left: calc(-0px \/ 2 );margin-right: calc(-0px \/ 2 );\"><div class=\"fusion-layout-column fusion_builder_column fusion-builder-column-0 fusion_builder_column_1_1 1_1 fusion-flex-column\" style=\"--awb-bg-size:cover;--awb-width-large:100%;--awb-margin-top-large:0px;--awb-spacing-right-large:0px;--awb-margin-bottom-large:20px;--awb-spacing-left-large:0px;--awb-width-medium:100%;--awb-spacing-right-medium:0px;--awb-spacing-left-medium:0px;--awb-width-small:100%;--awb-spacing-right-small:0px;--awb-spacing-left-small:0px;\"><div class=\"fusion-column-wrapper fusion-flex-justify-content-flex-start fusion-content-layout-column\"><div class=\"fusion-text fusion-text-1\"><p class=\"entrada\">Antequera es ya una ciudad con Patrimonio Mundial. En 2016, la UNESCO declar\u00f3 como tal al Sitio de los D\u00f3lmenes, compuesto por tres construcciones levantadas hace m\u00e1s de 6.000 a\u00f1os.<br \/>\nPero esta bonita localidad tiene mucho m\u00e1s que ofrecer: la Pe\u00f1a de los Enamorados y el laberinto k\u00e1rstico de El Torcal son otros dos referentes de esta monumental ciudad. Una interesant\u00edsima visita que tambi\u00e9n ofrece oportunidades gastron\u00f3micas: es el mejor lugar para probar productos locales como la porra antequerana o el mollete.<\/p>\n<\/div><div class=\"fusion-text fusion-text-2\"><div id=\"attachment_14576\" style=\"width: 710px\" class=\"wp-caption alignnone\"><img decoding=\"async\" aria-describedby=\"caption-attachment-14576\" class=\"lazyload wp-image-14576 size-full\" src=\"https:\/\/www.spainfoodsherpas.com\/sfs\/wp-content\/uploads\/2018\/01\/overview-antequera-city.jpg\" data-orig-src=\"https:\/\/www.spainfoodsherpas.com\/sfs\/wp-content\/uploads\/2018\/01\/overview-antequera-city.jpg\" alt=\"overview antequera city\" width=\"700\" height=\"361\" srcset=\"data:image\/svg+xml,%3Csvg%20xmlns%3D%27http%3A%2F%2Fwww.w3.org%2F2000%2Fsvg%27%20width%3D%27700%27%20height%3D%27361%27%20viewBox%3D%270%200%20700%20361%27%3E%3Crect%20width%3D%27700%27%20height%3D%27361%27%20fill-opacity%3D%220%22%2F%3E%3C%2Fsvg%3E\" data-srcset=\"https:\/\/www.spainfoodsherpas.com\/sfs\/wp-content\/uploads\/2018\/01\/overview-antequera-city-200x103.jpg 200w, https:\/\/www.spainfoodsherpas.com\/sfs\/wp-content\/uploads\/2018\/01\/overview-antequera-city-300x155.jpg 300w, https:\/\/www.spainfoodsherpas.com\/sfs\/wp-content\/uploads\/2018\/01\/overview-antequera-city-400x206.jpg 400w, https:\/\/www.spainfoodsherpas.com\/sfs\/wp-content\/uploads\/2018\/01\/overview-antequera-city-600x309.jpg 600w, https:\/\/www.spainfoodsherpas.com\/sfs\/wp-content\/uploads\/2018\/01\/overview-antequera-city.jpg 700w\" data-sizes=\"auto\" data-orig-sizes=\"(max-width: 700px) 100vw, 700px\" \/><p id=\"caption-attachment-14576\" class=\"wp-caption-text\"><span class=\"izquierda\">Antequera, Malaga<\/span> <span class=\"derecha\">\u00a9 Nacho S\u00e1nchez<\/span><\/p><\/div>\n<\/div><div class=\"fusion-text fusion-text-3\"><p><strong>\u00cdndice de Contenidos:<\/strong><\/p>\n<ul>\n<li><a href=\"#dolmenes\">D\u00f3lmenes de Antequera<\/a><\/li>\n<li><a href=\"#torcal\">El Torcal de Antequera<\/a><\/li>\n<li><a href=\"#que_ver\">\u00bfQu\u00e9 ver en un d\u00eda?<\/a><\/li>\n<li><a href=\"#comer\">\u00bfD\u00f3nde comer?<\/a><\/li>\n<li><a href=\"#alojamiento\">\u00bfD\u00f3nde alojarse?<\/a><\/li>\n<\/ul>\n<\/div><\/div><\/div><\/div><\/div><div class=\"fusion-fullwidth fullwidth-box fusion-builder-row-2 fusion-flex-container nonhundred-percent-fullwidth non-hundred-percent-height-scrolling\" style=\"--awb-border-radius-top-left:0px;--awb-border-radius-top-right:0px;--awb-border-radius-bottom-right:0px;--awb-border-radius-bottom-left:0px;--awb-flex-wrap:wrap;\" id=\"dolmenes\" ><div class=\"fusion-builder-row fusion-row fusion-flex-align-items-flex-start fusion-flex-content-wrap\" style=\"max-width:1216.8px;margin-left: calc(-4% \/ 2 );margin-right: calc(-4% \/ 2 );\"><div class=\"fusion-layout-column fusion_builder_column fusion-builder-column-1 fusion_builder_column_1_1 1_1 fusion-flex-column\" style=\"--awb-bg-size:cover;--awb-width-large:100%;--awb-margin-top-large:0px;--awb-spacing-right-large:1.92%;--awb-margin-bottom-large:20px;--awb-spacing-left-large:1.92%;--awb-width-medium:100%;--awb-spacing-right-medium:1.92%;--awb-spacing-left-medium:1.92%;--awb-width-small:100%;--awb-spacing-right-small:1.92%;--awb-spacing-left-small:1.92%;\"><div class=\"fusion-column-wrapper fusion-flex-justify-content-flex-start fusion-content-layout-column\"><div class=\"fusion-text fusion-text-4\"><h3><strong>D\u00f3lmenes de Antequera<\/strong><\/h3>\n<p>Parece un milagro. Un hecho imposible. Es dif\u00edcil imaginarse al ser humano hace m\u00e1s de 6.000 a\u00f1os realizando una construcci\u00f3n as\u00ed. Pero al adentrarse en su interior se comprueba que es cierto, que es de verdad. Pisar su suelo es una experiencia \u00fanica, es entender la capacidad del hombre, su fuerza. Y el valor hist\u00f3rico de un lugar que parece de ciencia ficci\u00f3n.<\/p>\n<p>Por eso, la UNESCO apost\u00f3 en 2016 por declarar el Sitio de <a href=\"http:\/\/www.andalucia.org\/en\/cultural-tourism\/visits\/malaga\/monuments\/conjunto-arqueologico-dolmenes-de-antequera\/\" target=\"_blank\" rel=\"noopener noreferrer\">Los D\u00f3lmenes<\/a>, formado por tres monumentos megal\u00edticos, como Patrimonio Mundial. Una etiqueta que se extiende tambi\u00e9n a El Torcal, un extraordinario paraje natural a 1.300 metros de altura.<\/p>\n<\/div><div class=\"fusion-text fusion-text-5\"><div id=\"attachment_14567\" style=\"width: 710px\" class=\"wp-caption alignnone\"><img decoding=\"async\" aria-describedby=\"caption-attachment-14567\" class=\"lazyload wp-image-14567 size-full\" src=\"https:\/\/www.spainfoodsherpas.com\/sfs\/wp-content\/uploads\/2018\/01\/dolmens-of-antequera-spain.jpg\" data-orig-src=\"https:\/\/www.spainfoodsherpas.com\/sfs\/wp-content\/uploads\/2018\/01\/dolmens-of-antequera-spain.jpg\" alt=\"dolmens of antequera spain\" width=\"700\" height=\"1053\" srcset=\"data:image\/svg+xml,%3Csvg%20xmlns%3D%27http%3A%2F%2Fwww.w3.org%2F2000%2Fsvg%27%20width%3D%27700%27%20height%3D%271053%27%20viewBox%3D%270%200%20700%201053%27%3E%3Crect%20width%3D%27700%27%20height%3D%271053%27%20fill-opacity%3D%220%22%2F%3E%3C%2Fsvg%3E\" data-srcset=\"https:\/\/www.spainfoodsherpas.com\/sfs\/wp-content\/uploads\/2018\/01\/dolmens-of-antequera-spain-199x300.jpg 199w, https:\/\/www.spainfoodsherpas.com\/sfs\/wp-content\/uploads\/2018\/01\/dolmens-of-antequera-spain-200x301.jpg 200w, https:\/\/www.spainfoodsherpas.com\/sfs\/wp-content\/uploads\/2018\/01\/dolmens-of-antequera-spain-400x602.jpg 400w, https:\/\/www.spainfoodsherpas.com\/sfs\/wp-content\/uploads\/2018\/01\/dolmens-of-antequera-spain-600x903.jpg 600w, https:\/\/www.spainfoodsherpas.com\/sfs\/wp-content\/uploads\/2018\/01\/dolmens-of-antequera-spain-681x1024.jpg 681w, https:\/\/www.spainfoodsherpas.com\/sfs\/wp-content\/uploads\/2018\/01\/dolmens-of-antequera-spain.jpg 700w\" data-sizes=\"auto\" data-orig-sizes=\"(max-width: 700px) 100vw, 700px\" \/><p id=\"caption-attachment-14567\" class=\"wp-caption-text\"><span class=\"izquierda\">D\u00f3lmenes de Antequera<\/span> <span class=\"derecha\">\u00a9 Javier P\u00e9rez Gonz\u00e1lez<\/span><\/p><\/div>\n<\/div><div class=\"fusion-text fusion-text-6\"><p>Pero su elemento m\u00e1s excepcional, sin duda, son los d\u00f3lmenes de Menga, Viera y El Romeral, que constituyen \u00a0uno de los mejores y m\u00e1s conocidos exponentes del megalitismo europeo. Es decir, las primeras formas de arquitectura monumental en la Prehistoria en Europa.<\/p>\n<p>Ya lo dijo Le Corbusier, que a su paso este lugar en los a\u00f1os 50 del siglo pasado dej\u00f3 una inscripci\u00f3n en el libro de visitas: \u00abA mis ancestros\u00bb. Para quienes tenga la curiosidad de saber c\u00f3mo se levantaron estas construcciones, un centro de interpretaci\u00f3n ubicado en el propio recinto explica el proceso detalladamente. \u00a1Es sorprendente!<\/p>\n<\/div><div class=\"fusion-text fusion-text-7\"><div id=\"attachment_14564\" style=\"width: 710px\" class=\"wp-caption alignnone\"><img decoding=\"async\" aria-describedby=\"caption-attachment-14564\" class=\"lazyload wp-image-14564 size-full\" src=\"https:\/\/www.spainfoodsherpas.com\/sfs\/wp-content\/uploads\/2018\/01\/dolmen-menga-antequera.jpg\" data-orig-src=\"https:\/\/www.spainfoodsherpas.com\/sfs\/wp-content\/uploads\/2018\/01\/dolmen-menga-antequera.jpg\" alt=\"dolmen menga antequera\" width=\"700\" height=\"333\" srcset=\"data:image\/svg+xml,%3Csvg%20xmlns%3D%27http%3A%2F%2Fwww.w3.org%2F2000%2Fsvg%27%20width%3D%27700%27%20height%3D%27333%27%20viewBox%3D%270%200%20700%20333%27%3E%3Crect%20width%3D%27700%27%20height%3D%27333%27%20fill-opacity%3D%220%22%2F%3E%3C%2Fsvg%3E\" data-srcset=\"https:\/\/www.spainfoodsherpas.com\/sfs\/wp-content\/uploads\/2018\/01\/dolmen-menga-antequera-200x95.jpg 200w, https:\/\/www.spainfoodsherpas.com\/sfs\/wp-content\/uploads\/2018\/01\/dolmen-menga-antequera-300x143.jpg 300w, https:\/\/www.spainfoodsherpas.com\/sfs\/wp-content\/uploads\/2018\/01\/dolmen-menga-antequera-400x190.jpg 400w, https:\/\/www.spainfoodsherpas.com\/sfs\/wp-content\/uploads\/2018\/01\/dolmen-menga-antequera-600x285.jpg 600w, https:\/\/www.spainfoodsherpas.com\/sfs\/wp-content\/uploads\/2018\/01\/dolmen-menga-antequera.jpg 700w\" data-sizes=\"auto\" data-orig-sizes=\"(max-width: 700px) 100vw, 700px\" \/><p id=\"caption-attachment-14564\" class=\"wp-caption-text\"><span class=\"izquierda\">D\u00f3lmen de Menga<\/span> <span class=\"derecha\">\u00a9 Javier P\u00e9rez Gonz\u00e1lez<\/span><\/p><\/div>\n<\/div><div class=\"fusion-text fusion-text-8\"><p>Para el visitante, el <strong>Dolmen de Menga<\/strong> es el m\u00e1s espectacular. Basta decir que la piedra que cubre esta construcci\u00f3n sepulcral tiene un peso de 180 toneladas y una superficie de 40 metros cuadrados. Aunque la mayor\u00eda de este tipo de monumentos est\u00e1 orientado al sol, en este caso se rompe la norma: sus constructores lo orientaron a la <strong>Pe\u00f1a de los Enamorados<\/strong>, una incre\u00edble monta\u00f1a con perfil humano.<\/p>\n<p>Por su parte, el <strong>Dolmen de Viera<\/strong> s\u00ed que apunta al sol, mientras que el tercero, el <strong>Dolmen de El Romeral<\/strong>, se orienta hacia la parte m\u00e1s alta del paraje natural de El Torcal. Se cree que, al igual que el de Menga, se dirig\u00eda hacia un punto que fascinaba m\u00edsticamente a quienes levantaron estos incre\u00edbles <em>tholos<\/em>.<\/p>\n<\/div><div class=\"fusion-text fusion-text-9\"><div id=\"attachment_14579\" style=\"width: 710px\" class=\"wp-caption alignnone\"><img decoding=\"async\" aria-describedby=\"caption-attachment-14579\" class=\"lazyload wp-image-14579 size-full\" src=\"https:\/\/www.spainfoodsherpas.com\/sfs\/wp-content\/uploads\/2018\/01\/pe\u00f1a-enamorados.jpg\" data-orig-src=\"https:\/\/www.spainfoodsherpas.com\/sfs\/wp-content\/uploads\/2018\/01\/pe\u00f1a-enamorados.jpg\" alt=\"pe\u00f1a enamorados\" width=\"700\" height=\"466\" srcset=\"data:image\/svg+xml,%3Csvg%20xmlns%3D%27http%3A%2F%2Fwww.w3.org%2F2000%2Fsvg%27%20width%3D%27700%27%20height%3D%27466%27%20viewBox%3D%270%200%20700%20466%27%3E%3Crect%20width%3D%27700%27%20height%3D%27466%27%20fill-opacity%3D%220%22%2F%3E%3C%2Fsvg%3E\" data-srcset=\"https:\/\/www.spainfoodsherpas.com\/sfs\/wp-content\/uploads\/2018\/01\/pe\u00f1a-enamorados-200x133.jpg 200w, https:\/\/www.spainfoodsherpas.com\/sfs\/wp-content\/uploads\/2018\/01\/pe\u00f1a-enamorados-300x200.jpg 300w, https:\/\/www.spainfoodsherpas.com\/sfs\/wp-content\/uploads\/2018\/01\/pe\u00f1a-enamorados-400x266.jpg 400w, https:\/\/www.spainfoodsherpas.com\/sfs\/wp-content\/uploads\/2018\/01\/pe\u00f1a-enamorados-600x399.jpg 600w, https:\/\/www.spainfoodsherpas.com\/sfs\/wp-content\/uploads\/2018\/01\/pe\u00f1a-enamorados.jpg 700w\" data-sizes=\"auto\" data-orig-sizes=\"(max-width: 700px) 100vw, 700px\" \/><p id=\"caption-attachment-14579\" class=\"wp-caption-text\"><span class=\"izquierda\">Pe\u00f1a de los Enamorados<\/span> <span class=\"derecha\">\u00a9 Nacho S\u00e1nchez<\/span><\/p><\/div>\n<\/div><\/div><\/div><\/div><\/div><div class=\"fusion-fullwidth fullwidth-box fusion-builder-row-3 fusion-flex-container nonhundred-percent-fullwidth non-hundred-percent-height-scrolling\" style=\"--awb-border-radius-top-left:0px;--awb-border-radius-top-right:0px;--awb-border-radius-bottom-right:0px;--awb-border-radius-bottom-left:0px;--awb-flex-wrap:wrap;\" id=\"torcal\" ><div class=\"fusion-builder-row fusion-row fusion-flex-align-items-flex-start fusion-flex-content-wrap\" style=\"max-width:1216.8px;margin-left: calc(-4% \/ 2 );margin-right: calc(-4% \/ 2 );\"><div class=\"fusion-layout-column fusion_builder_column fusion-builder-column-2 fusion_builder_column_1_1 1_1 fusion-flex-column\" style=\"--awb-bg-size:cover;--awb-width-large:100%;--awb-margin-top-large:0px;--awb-spacing-right-large:1.92%;--awb-margin-bottom-large:20px;--awb-spacing-left-large:1.92%;--awb-width-medium:100%;--awb-spacing-right-medium:1.92%;--awb-spacing-left-medium:1.92%;--awb-width-small:100%;--awb-spacing-right-small:1.92%;--awb-spacing-left-small:1.92%;\"><div class=\"fusion-column-wrapper fusion-flex-justify-content-flex-start fusion-content-layout-column\"><div class=\"fusion-text fusion-text-10\"><h3><strong>El Torcal de Antequera<\/strong><\/h3>\n<p>Si es f\u00e1cil entender la fascinaci\u00f3n por la Pe\u00f1a de los Enamorados, tambi\u00e9n lo es por <a href=\"http:\/\/www.torcaldeantequera.com\/en\/\">El Torcal<\/a>. Se trata de un laberinto k\u00e1rstico esculpido por el agua y el viento a lo largo de millones de a\u00f1os.<\/p>\n<p>Es de f\u00e1cil acceso: se puede llegar a su centro de visitantes en veh\u00edculo privado. A su lado existe un precioso mirador desde el que se puede ver buena parte de la provincia de M\u00e1laga y, a lo lejos, el mar Mediterr\u00e1neo. Son dos rutas senderistas -aptas para ni\u00f1os- las que se pueden realizar en El Torcal sin ayuda de gu\u00eda gracias a las buenas se\u00f1alizaciones existentes.<\/p>\n<p>La primera es la llamada <strong>Ruta Verde<\/strong>, que supone un paseo de apenas 45 minutos. La segunda, la <strong>Ruta Amarilla<\/strong>, se acerca a las dos horas de camino. Ambas son perfectas para disfrutar de un lugar \u00fanico en la geograf\u00eda espa\u00f1ola. Y tambi\u00e9n para disfrutar conociendo algunas de las rocas que tienen formas muy reconocibles: una esfinge, una maceta, un camello, un dinosaurio&#8230; El paseo se convierte as\u00ed tambi\u00e9n en una excelente y divertida excursi\u00f3n familiar.<\/p>\n<\/div><div class=\"fusion-text fusion-text-11\"><div id=\"attachment_14573\" style=\"width: 710px\" class=\"wp-caption alignnone\"><img decoding=\"async\" aria-describedby=\"caption-attachment-14573\" class=\"lazyload wp-image-14573 size-full\" src=\"https:\/\/www.spainfoodsherpas.com\/sfs\/wp-content\/uploads\/2018\/01\/El-torcal.jpg\" data-orig-src=\"https:\/\/www.spainfoodsherpas.com\/sfs\/wp-content\/uploads\/2018\/01\/El-torcal.jpg\" alt=\"El torcal de Antequera\" width=\"700\" height=\"436\" srcset=\"data:image\/svg+xml,%3Csvg%20xmlns%3D%27http%3A%2F%2Fwww.w3.org%2F2000%2Fsvg%27%20width%3D%27700%27%20height%3D%27436%27%20viewBox%3D%270%200%20700%20436%27%3E%3Crect%20width%3D%27700%27%20height%3D%27436%27%20fill-opacity%3D%220%22%2F%3E%3C%2Fsvg%3E\" data-srcset=\"https:\/\/www.spainfoodsherpas.com\/sfs\/wp-content\/uploads\/2018\/01\/El-torcal-200x125.jpg 200w, https:\/\/www.spainfoodsherpas.com\/sfs\/wp-content\/uploads\/2018\/01\/El-torcal-300x187.jpg 300w, https:\/\/www.spainfoodsherpas.com\/sfs\/wp-content\/uploads\/2018\/01\/El-torcal-400x249.jpg 400w, https:\/\/www.spainfoodsherpas.com\/sfs\/wp-content\/uploads\/2018\/01\/El-torcal-600x374.jpg 600w, https:\/\/www.spainfoodsherpas.com\/sfs\/wp-content\/uploads\/2018\/01\/El-torcal.jpg 700w\" data-sizes=\"auto\" data-orig-sizes=\"(max-width: 700px) 100vw, 700px\" \/><p id=\"caption-attachment-14573\" class=\"wp-caption-text\"><span class=\"izquierda\">El torcal<\/span> <span class=\"derecha\">\u00a9 Nacho S\u00e1nchez<\/span><\/p><\/div>\n<\/div><\/div><\/div><\/div><\/div><div class=\"fusion-fullwidth fullwidth-box fusion-builder-row-4 fusion-flex-container nonhundred-percent-fullwidth non-hundred-percent-height-scrolling\" style=\"--awb-border-radius-top-left:0px;--awb-border-radius-top-right:0px;--awb-border-radius-bottom-right:0px;--awb-border-radius-bottom-left:0px;--awb-flex-wrap:wrap;\" id=\"que_ver\" ><div class=\"fusion-builder-row fusion-row fusion-flex-align-items-flex-start fusion-flex-content-wrap\" style=\"max-width:1216.8px;margin-left: calc(-4% \/ 2 );margin-right: calc(-4% \/ 2 );\"><div class=\"fusion-layout-column fusion_builder_column fusion-builder-column-3 fusion_builder_column_1_1 1_1 fusion-flex-column\" style=\"--awb-bg-size:cover;--awb-width-large:100%;--awb-margin-top-large:0px;--awb-spacing-right-large:1.92%;--awb-margin-bottom-large:20px;--awb-spacing-left-large:1.92%;--awb-width-medium:100%;--awb-order-medium:0;--awb-spacing-right-medium:1.92%;--awb-spacing-left-medium:1.92%;--awb-width-small:100%;--awb-order-small:0;--awb-spacing-right-small:1.92%;--awb-spacing-left-small:1.92%;\"><div class=\"fusion-column-wrapper fusion-column-has-shadow fusion-flex-justify-content-flex-start fusion-content-layout-column\"><div class=\"fusion-separator fusion-full-width-sep\" style=\"align-self: center;margin-left: auto;margin-right: auto;width:100%;\" id=\"que_ver\"><\/div><\/div><\/div><div class=\"fusion-layout-column fusion_builder_column fusion-builder-column-4 fusion_builder_column_1_1 1_1 fusion-flex-column\" style=\"--awb-bg-size:cover;--awb-width-large:100%;--awb-margin-top-large:0px;--awb-spacing-right-large:1.92%;--awb-margin-bottom-large:20px;--awb-spacing-left-large:1.92%;--awb-width-medium:100%;--awb-order-medium:0;--awb-spacing-right-medium:1.92%;--awb-spacing-left-medium:1.92%;--awb-width-small:100%;--awb-order-small:0;--awb-spacing-right-small:1.92%;--awb-spacing-left-small:1.92%;\"><div class=\"fusion-column-wrapper fusion-column-has-shadow fusion-flex-justify-content-flex-start fusion-content-layout-column\"><div class=\"fusion-text fusion-text-12\"><h3><strong>\u00bfQu\u00e9 ver en un d\u00eda en Antequera?<\/strong><\/h3>\n<p>La ciudad de Antequera alberga un importante patrimonio de diferentes \u00e9pocas hist\u00f3ricas. Lo atestigua su alcazaba musulmana, que vigila desde la parte m\u00e1s alta. Tambi\u00e9n sus m\u00e1s de 30 iglesias, la mayor\u00eda construidas entre los siglos XVI y XVII.<\/p>\n<\/div><div class=\"fusion-text fusion-text-13\"><p>Lo ideal como siempre en estos casos es perderse por el casco antiguo de la ciudad e ir descubriendo los rincones (que son muchos) y calles por las que s\u00ed o s\u00ed ver\u00e9is alguna iglesia bonita.<\/p>\n<p>Sin embargo, si se tiene un d\u00eda para visitar la ciudad en nuestra opini\u00f3n es imprescindible incluir en el itinerario al menos lo siguiente:<\/p>\n<p>Partiendo desde la plaza de San Sebasti\u00e1n y su preciosa iglesia del mismo nombre, subimos por la cuesta de zapateros y de judas hasta el mirador de las Almenillas, desde el que tenemos una magn\u00edfica panor\u00e1mica de Antequera.<\/p>\n<\/div><div class=\"fusion-text fusion-text-14\"><p><img decoding=\"async\" class=\"lazyload alignnone size-full wp-image-20304\" src=\"https:\/\/www.spainfoodsherpas.com\/sfs\/wp-content\/uploads\/2021\/01\/panoramica-antequera.jpg\" data-orig-src=\"https:\/\/www.spainfoodsherpas.com\/sfs\/wp-content\/uploads\/2021\/01\/panoramica-antequera.jpg\" alt=\"panoramica antequera\" width=\"700\" height=\"262\" srcset=\"data:image\/svg+xml,%3Csvg%20xmlns%3D%27http%3A%2F%2Fwww.w3.org%2F2000%2Fsvg%27%20width%3D%27700%27%20height%3D%27262%27%20viewBox%3D%270%200%20700%20262%27%3E%3Crect%20width%3D%27700%27%20height%3D%27262%27%20fill-opacity%3D%220%22%2F%3E%3C%2Fsvg%3E\" data-srcset=\"https:\/\/www.spainfoodsherpas.com\/sfs\/wp-content\/uploads\/2021\/01\/panoramica-antequera-200x75.jpg 200w, https:\/\/www.spainfoodsherpas.com\/sfs\/wp-content\/uploads\/2021\/01\/panoramica-antequera-300x112.jpg 300w, https:\/\/www.spainfoodsherpas.com\/sfs\/wp-content\/uploads\/2021\/01\/panoramica-antequera-400x150.jpg 400w, https:\/\/www.spainfoodsherpas.com\/sfs\/wp-content\/uploads\/2021\/01\/panoramica-antequera-600x225.jpg 600w, https:\/\/www.spainfoodsherpas.com\/sfs\/wp-content\/uploads\/2021\/01\/panoramica-antequera.jpg 700w\" data-sizes=\"auto\" data-orig-sizes=\"(max-width: 700px) 100vw, 700px\" \/><\/p>\n<\/div><div class=\"fusion-text fusion-text-15\"><p>Desde el mirador, antes de seguir subiendo hacia la Alcazaba, continuamos un poco hacia abajo por la Calle del Colegio, hasta llegar a la plaza del Carmen y Postigo de la Estrella, donde se encuentran importantes restos de la antigua cerca de la villa musulmana.<\/p>\n<p>Una vez visto, podemos reanudar la subida hacia el famoso Arco de los Gigantes que da entrada al recinto monumental de la Alcazaba, que se puede visitar con entrada.<\/p>\n<\/div><div class=\"fusion-text fusion-text-16\"><div id=\"attachment_20300\" style=\"width: 710px\" class=\"wp-caption alignnone\"><img decoding=\"async\" aria-describedby=\"caption-attachment-20300\" class=\"lazyload wp-image-20300 size-full\" src=\"https:\/\/www.spainfoodsherpas.com\/sfs\/wp-content\/uploads\/2021\/01\/arco-de-los-gigantes.jpg\" data-orig-src=\"https:\/\/www.spainfoodsherpas.com\/sfs\/wp-content\/uploads\/2021\/01\/arco-de-los-gigantes.jpg\" alt=\"arco de los gigantes\" width=\"700\" height=\"933\" srcset=\"data:image\/svg+xml,%3Csvg%20xmlns%3D%27http%3A%2F%2Fwww.w3.org%2F2000%2Fsvg%27%20width%3D%27700%27%20height%3D%27933%27%20viewBox%3D%270%200%20700%20933%27%3E%3Crect%20width%3D%27700%27%20height%3D%27933%27%20fill-opacity%3D%220%22%2F%3E%3C%2Fsvg%3E\" data-srcset=\"https:\/\/www.spainfoodsherpas.com\/sfs\/wp-content\/uploads\/2021\/01\/arco-de-los-gigantes-200x267.jpg 200w, https:\/\/www.spainfoodsherpas.com\/sfs\/wp-content\/uploads\/2021\/01\/arco-de-los-gigantes-225x300.jpg 225w, https:\/\/www.spainfoodsherpas.com\/sfs\/wp-content\/uploads\/2021\/01\/arco-de-los-gigantes-400x533.jpg 400w, https:\/\/www.spainfoodsherpas.com\/sfs\/wp-content\/uploads\/2021\/01\/arco-de-los-gigantes-600x800.jpg 600w, https:\/\/www.spainfoodsherpas.com\/sfs\/wp-content\/uploads\/2021\/01\/arco-de-los-gigantes.jpg 700w\" data-sizes=\"auto\" data-orig-sizes=\"(max-width: 700px) 100vw, 700px\" \/><p id=\"caption-attachment-20300\" class=\"wp-caption-text\">Arco de los Gigantes y Colegiata de Santa Mar\u00eda<\/p><\/div>\n<\/div><div class=\"fusion-text fusion-text-17\"><p>Si entramos accedemos a una plaza con la precios Colegiata de Santa Mar\u00eda de estilo renacentista all\u00ed encajonada. Si nos asomamos al muro del recinto podemos ver los restos de unas termas romanas.<\/p>\n<\/div><div class=\"fusion-text fusion-text-18\"><div id=\"attachment_20308\" style=\"width: 710px\" class=\"wp-caption alignnone\"><img decoding=\"async\" aria-describedby=\"caption-attachment-20308\" class=\"lazyload wp-image-20308 size-full\" src=\"https:\/\/www.spainfoodsherpas.com\/sfs\/wp-content\/uploads\/2021\/01\/real-colegiata-santa-maria-la-mayor.jpg\" data-orig-src=\"https:\/\/www.spainfoodsherpas.com\/sfs\/wp-content\/uploads\/2021\/01\/real-colegiata-santa-maria-la-mayor.jpg\" alt=\"real colegiata santa mar\u00eda la mayor\" width=\"700\" height=\"525\" srcset=\"data:image\/svg+xml,%3Csvg%20xmlns%3D%27http%3A%2F%2Fwww.w3.org%2F2000%2Fsvg%27%20width%3D%27700%27%20height%3D%27525%27%20viewBox%3D%270%200%20700%20525%27%3E%3Crect%20width%3D%27700%27%20height%3D%27525%27%20fill-opacity%3D%220%22%2F%3E%3C%2Fsvg%3E\" data-srcset=\"https:\/\/www.spainfoodsherpas.com\/sfs\/wp-content\/uploads\/2021\/01\/real-colegiata-santa-maria-la-mayor-200x150.jpg 200w, https:\/\/www.spainfoodsherpas.com\/sfs\/wp-content\/uploads\/2021\/01\/real-colegiata-santa-maria-la-mayor-300x225.jpg 300w, https:\/\/www.spainfoodsherpas.com\/sfs\/wp-content\/uploads\/2021\/01\/real-colegiata-santa-maria-la-mayor-400x300.jpg 400w, https:\/\/www.spainfoodsherpas.com\/sfs\/wp-content\/uploads\/2021\/01\/real-colegiata-santa-maria-la-mayor-600x450.jpg 600w, https:\/\/www.spainfoodsherpas.com\/sfs\/wp-content\/uploads\/2021\/01\/real-colegiata-santa-maria-la-mayor.jpg 700w\" data-sizes=\"auto\" data-orig-sizes=\"(max-width: 700px) 100vw, 700px\" \/><p id=\"caption-attachment-20308\" class=\"wp-caption-text\">Real Colegiata Santa Mar\u00eda<\/p><\/div>\n<\/div><div class=\"fusion-text fusion-text-19\"><p>Volviendo hacia el Arco de los Gigantes dejamos a nuestra derecha el mirador Michael Hoskin, cuya investigaci\u00f3n fue crucial para la declaraci\u00f3n de Patrimonio de la Humanidad de los D\u00f3lmenes.<\/p>\n<p>Podemos bajar de nuevo y esta vez girar a la derecha al llegar a la Plaza de San Sebasti\u00e1n para llegar a la Plaza Coso Viejo donde se encuentra el Convento de las Catalinas el Palacio-Museo de la Ciudad y Convento de la Encarnaci\u00f3n.<\/p>\n<p>Desde all\u00ed podemos dirigirnos hacia la Plaza de Toros por alguna de las calles comerciales y muy ambientadas dejando iglesias y casas se\u00f1oriales a ambos lados a lo largo del recorrido.<\/p>\n<\/div><div class=\"fusion-text fusion-text-20\"><div id=\"attachment_20312\" style=\"width: 710px\" class=\"wp-caption alignnone\"><img decoding=\"async\" aria-describedby=\"caption-attachment-20312\" class=\"lazyload wp-image-20312 size-full\" src=\"https:\/\/www.spainfoodsherpas.com\/sfs\/wp-content\/uploads\/2021\/01\/plaza-de-toros-de-antequera.jpg\" data-orig-src=\"https:\/\/www.spainfoodsherpas.com\/sfs\/wp-content\/uploads\/2021\/01\/plaza-de-toros-de-antequera.jpg\" alt=\"plaza de toros de antequera\" width=\"700\" height=\"525\" srcset=\"data:image\/svg+xml,%3Csvg%20xmlns%3D%27http%3A%2F%2Fwww.w3.org%2F2000%2Fsvg%27%20width%3D%27700%27%20height%3D%27525%27%20viewBox%3D%270%200%20700%20525%27%3E%3Crect%20width%3D%27700%27%20height%3D%27525%27%20fill-opacity%3D%220%22%2F%3E%3C%2Fsvg%3E\" data-srcset=\"https:\/\/www.spainfoodsherpas.com\/sfs\/wp-content\/uploads\/2021\/01\/plaza-de-toros-de-antequera-200x150.jpg 200w, https:\/\/www.spainfoodsherpas.com\/sfs\/wp-content\/uploads\/2021\/01\/plaza-de-toros-de-antequera-300x225.jpg 300w, https:\/\/www.spainfoodsherpas.com\/sfs\/wp-content\/uploads\/2021\/01\/plaza-de-toros-de-antequera-400x300.jpg 400w, https:\/\/www.spainfoodsherpas.com\/sfs\/wp-content\/uploads\/2021\/01\/plaza-de-toros-de-antequera-600x450.jpg 600w, https:\/\/www.spainfoodsherpas.com\/sfs\/wp-content\/uploads\/2021\/01\/plaza-de-toros-de-antequera.jpg 700w\" data-sizes=\"auto\" data-orig-sizes=\"(max-width: 700px) 100vw, 700px\" \/><p id=\"caption-attachment-20312\" class=\"wp-caption-text\">Entrada a la Plaza de Toros<\/p><\/div>\n<\/div><\/div><\/div><\/div><\/div><div class=\"fusion-fullwidth fullwidth-box fusion-builder-row-5 fusion-flex-container nonhundred-percent-fullwidth non-hundred-percent-height-scrolling\" style=\"--awb-border-radius-top-left:0px;--awb-border-radius-top-right:0px;--awb-border-radius-bottom-right:0px;--awb-border-radius-bottom-left:0px;--awb-flex-wrap:wrap;\" ><div class=\"fusion-builder-row fusion-row fusion-flex-align-items-flex-start fusion-flex-content-wrap\" style=\"max-width:1216.8px;margin-left: calc(-4% \/ 2 );margin-right: calc(-4% \/ 2 );\"><div class=\"fusion-layout-column fusion_builder_column fusion-builder-column-5 fusion_builder_column_1_1 1_1 fusion-flex-column\" style=\"--awb-bg-size:cover;--awb-width-large:100%;--awb-margin-top-large:0px;--awb-spacing-right-large:1.92%;--awb-margin-bottom-large:20px;--awb-spacing-left-large:1.92%;--awb-width-medium:100%;--awb-spacing-right-medium:1.92%;--awb-spacing-left-medium:1.92%;--awb-width-small:100%;--awb-spacing-right-small:1.92%;--awb-spacing-left-small:1.92%;\"><div class=\"fusion-column-wrapper fusion-flex-justify-content-flex-start fusion-content-layout-column\"><div class=\"fusion-separator fusion-full-width-sep\" style=\"align-self: center;margin-left: auto;margin-right: auto;width:100%;\" id=\"comer\"><\/div><div class=\"fusion-text fusion-text-21\"><h3><strong>\u00bfD\u00f3nde comer en Antequera?<\/strong><\/h3>\n<p>El propio centro de visitantes de El Torcal cuenta con un restaurante donde disfrutar de algunos de los platos m\u00e1s t\u00edpicos de Antequera, como la porra antequerana. Un plato fr\u00edo elaborado a base de pan, aceite de oliva virgen extra y tomate, que tradicionalmente se acompa\u00f1a de tacos de jam\u00f3n, huevo cocido y at\u00fan.<\/p>\n<p>Otro estupendo lugar para disfrutar de esta delicatesen local es <a href=\"http:\/\/artedecozina.com\/\">Arte de Cozina<\/a>, establecimiento que regenta la chef Charo Carmona. All\u00ed, adem\u00e1s de la porra tradicional, ofrecen otras dos versiones: una con naranjas\u00a0 y otra sin el uso de tomate, emulando la receta original de hace decenas de a\u00f1os.<\/p>\n<p>El restaurante, con un Sol Repsol, es perfecto para disfrutar de la gastronom\u00eda de la tierra, ya que su carta siempre se basa en productos de temporada y de cercan\u00eda. Lomo de orza tradicional (pelona de lomo), migas del pastor, choto de raza malague\u00f1a a la pastoril y postres como el arroz con casta\u00f1as y miel de ca\u00f1a canutillos de ajonjol\u00ed rellenos de helado de Pedro Xim\u00e9nez son algunos de los bocados que se pueden degustar en el restaurante.<\/p>\n<p>Recomendamos encarecidamente que prob\u00e9is la olla de casta\u00f1as.<\/p>\n<p>Tambi\u00e9n cuenta con una zona de tapas muy concurrida y de excelente calidad.<\/p>\n<\/div><div class=\"fusion-text fusion-text-22\"><div id=\"attachment_20330\" style=\"width: 710px\" class=\"wp-caption alignnone\"><img decoding=\"async\" aria-describedby=\"caption-attachment-20330\" class=\"lazyload size-full wp-image-20330\" src=\"https:\/\/www.spainfoodsherpas.com\/sfs\/wp-content\/uploads\/2021\/01\/Olla-de-Castanas-Arte-de-cozina.jpg\" data-orig-src=\"https:\/\/www.spainfoodsherpas.com\/sfs\/wp-content\/uploads\/2021\/01\/Olla-de-Castanas-Arte-de-cozina.jpg\" alt=\"Olla de Casta\u00f1as Arte de cozina\" width=\"700\" height=\"525\" srcset=\"data:image\/svg+xml,%3Csvg%20xmlns%3D%27http%3A%2F%2Fwww.w3.org%2F2000%2Fsvg%27%20width%3D%27700%27%20height%3D%27525%27%20viewBox%3D%270%200%20700%20525%27%3E%3Crect%20width%3D%27700%27%20height%3D%27525%27%20fill-opacity%3D%220%22%2F%3E%3C%2Fsvg%3E\" data-srcset=\"https:\/\/www.spainfoodsherpas.com\/sfs\/wp-content\/uploads\/2021\/01\/Olla-de-Castanas-Arte-de-cozina-200x150.jpg 200w, https:\/\/www.spainfoodsherpas.com\/sfs\/wp-content\/uploads\/2021\/01\/Olla-de-Castanas-Arte-de-cozina-300x225.jpg 300w, https:\/\/www.spainfoodsherpas.com\/sfs\/wp-content\/uploads\/2021\/01\/Olla-de-Castanas-Arte-de-cozina-400x300.jpg 400w, https:\/\/www.spainfoodsherpas.com\/sfs\/wp-content\/uploads\/2021\/01\/Olla-de-Castanas-Arte-de-cozina-600x450.jpg 600w, https:\/\/www.spainfoodsherpas.com\/sfs\/wp-content\/uploads\/2021\/01\/Olla-de-Castanas-Arte-de-cozina.jpg 700w\" data-sizes=\"auto\" data-orig-sizes=\"(max-width: 700px) 100vw, 700px\" \/><p id=\"caption-attachment-20330\" class=\"wp-caption-text\">Olla de Casta\u00f1as Arte de Cozina<\/p><\/div>\n<\/div><\/div><\/div><div class=\"fusion-layout-column fusion_builder_column fusion-builder-column-6 fusion_builder_column_1_1 1_1 fusion-flex-column\" style=\"--awb-bg-size:cover;--awb-width-large:100%;--awb-margin-top-large:0px;--awb-spacing-right-large:1.92%;--awb-margin-bottom-large:20px;--awb-spacing-left-large:1.92%;--awb-width-medium:100%;--awb-spacing-right-medium:1.92%;--awb-spacing-left-medium:1.92%;--awb-width-small:100%;--awb-spacing-right-small:1.92%;--awb-spacing-left-small:1.92%;\"><div class=\"fusion-column-wrapper fusion-flex-justify-content-flex-start fusion-content-layout-column\"><div class=\"fusion-text fusion-text-23\"><p>Y, m\u00e1s all\u00e1, Antequera es un buen sitio para disfrutar del tapeo en lugares como la taberna El Rinc\u00f3n de Lola, el Mes\u00f3n Ib\u00e9rico\u00a0 o El Escribano, ubicado junto a la Real Colegiata de Santa Mar\u00eda, un edificio levantado a comienzos del siglo XVI.<\/p>\n<p>Para un tapeo econ\u00f3mico, La Cantina o Las Hazuelas en la Plaza del Coso Viejo son una excelente opci\u00f3n.<\/p>\n<p>El caf\u00e9-bar A la fuerza es tambi\u00e9n uno de los lugares m\u00e1s recomendables, no s\u00f3lo por su excelente cocina, sino tambi\u00e9n porque es sitio perfecto para desayunar. All\u00ed se pueden probar los aut\u00e9nticos molletes de Antequera (un tipo de pan muy sabroso) que se puede acompa\u00f1ar con jam\u00f3n ib\u00e9rico, tomate y aceite, pero tambi\u00e9n los mejores churros de la ciudad.<\/p>\n<p>A las afueras, es m\u00e1s que recomendable visitar el restaurante Caser\u00edo San Benito, incluido en la Gu\u00eda Michel\u00edn como Bib Gourmand y el mejor lugar para probar platos de cuchara caseros como un arroz con perdiz o platos cl\u00e1sicos como las migas, que aqu\u00ed se acompa\u00f1an de zanahoria y granada, adem\u00e1s de chorizo, huevos y pimientos fritos.<\/p>\n<\/div><div class=\"fusion-text fusion-text-24\"><div id=\"attachment_14585\" style=\"width: 710px\" class=\"wp-caption alignnone\"><img decoding=\"async\" aria-describedby=\"caption-attachment-14585\" class=\"lazyload wp-image-14585 size-full\" src=\"https:\/\/www.spainfoodsherpas.com\/sfs\/wp-content\/uploads\/2018\/01\/Caser\u00edoSanBenito-antequera.jpg\" data-orig-src=\"https:\/\/www.spainfoodsherpas.com\/sfs\/wp-content\/uploads\/2018\/01\/Caser\u00edoSanBenito-antequera.jpg\" alt=\"Caser\u00edo San Benito antequera\" width=\"700\" height=\"434\" srcset=\"data:image\/svg+xml,%3Csvg%20xmlns%3D%27http%3A%2F%2Fwww.w3.org%2F2000%2Fsvg%27%20width%3D%27700%27%20height%3D%27434%27%20viewBox%3D%270%200%20700%20434%27%3E%3Crect%20width%3D%27700%27%20height%3D%27434%27%20fill-opacity%3D%220%22%2F%3E%3C%2Fsvg%3E\" data-srcset=\"https:\/\/www.spainfoodsherpas.com\/sfs\/wp-content\/uploads\/2018\/01\/Caser\u00edoSanBenito-antequera-200x124.jpg 200w, https:\/\/www.spainfoodsherpas.com\/sfs\/wp-content\/uploads\/2018\/01\/Caser\u00edoSanBenito-antequera-300x186.jpg 300w, https:\/\/www.spainfoodsherpas.com\/sfs\/wp-content\/uploads\/2018\/01\/Caser\u00edoSanBenito-antequera-400x248.jpg 400w, https:\/\/www.spainfoodsherpas.com\/sfs\/wp-content\/uploads\/2018\/01\/Caser\u00edoSanBenito-antequera-600x372.jpg 600w, https:\/\/www.spainfoodsherpas.com\/sfs\/wp-content\/uploads\/2018\/01\/Caser\u00edoSanBenito-antequera.jpg 700w\" data-sizes=\"auto\" data-orig-sizes=\"(max-width: 700px) 100vw, 700px\" \/><p id=\"caption-attachment-14585\" class=\"wp-caption-text\"><span class=\"izquierda\">Caser\u00edo de San Benito<\/span> <span class=\"derecha\">\u00a9 Nacho S\u00e1nchez<\/span><\/p><\/div>\n<\/div><\/div><\/div><\/div><\/div><div class=\"fusion-fullwidth fullwidth-box fusion-builder-row-6 fusion-flex-container nonhundred-percent-fullwidth non-hundred-percent-height-scrolling\" style=\"--awb-border-radius-top-left:0px;--awb-border-radius-top-right:0px;--awb-border-radius-bottom-right:0px;--awb-border-radius-bottom-left:0px;--awb-flex-wrap:wrap;\" ><div class=\"fusion-builder-row fusion-row fusion-flex-align-items-flex-start fusion-flex-content-wrap\" style=\"max-width:1216.8px;margin-left: calc(-4% \/ 2 );margin-right: calc(-4% \/ 2 );\"><div class=\"fusion-layout-column fusion_builder_column fusion-builder-column-7 fusion_builder_column_1_1 1_1 fusion-flex-column\" style=\"--awb-bg-size:cover;--awb-width-large:100%;--awb-margin-top-large:0px;--awb-spacing-right-large:1.92%;--awb-margin-bottom-large:20px;--awb-spacing-left-large:1.92%;--awb-width-medium:100%;--awb-order-medium:0;--awb-spacing-right-medium:1.92%;--awb-spacing-left-medium:1.92%;--awb-width-small:100%;--awb-order-small:0;--awb-spacing-right-small:1.92%;--awb-spacing-left-small:1.92%;\"><div class=\"fusion-column-wrapper fusion-column-has-shadow fusion-flex-justify-content-flex-start fusion-content-layout-column\"><div class=\"fusion-separator fusion-full-width-sep\" style=\"align-self: center;margin-left: auto;margin-right: auto;width:100%;\" id=\"alojamiento\"><\/div><div class=\"fusion-text fusion-text-25\"><h3><strong>\u00bfD\u00f3nde dormir en Antequera?<\/strong><\/h3>\n<p>Hay multitud de Hoteles, Hostales y Apartamentos para todos los bolsillos en Antequera. Entre los m\u00e1s especiales est\u00e1n:<\/p>\n<p>&#8211;<strong>El Hotel Infante<\/strong>, un hotelito de 3 estrellas en pleno centro de la ciudad con una piscina en la azotea genial para el calor. <a href=\"https:\/\/www.booking.com\/hotel\/es\/infante-antequera.en.html?aid=1923008&amp;no_rooms=1&amp;group_adults=2\" target=\"_blank\" rel=\"noopener\">Puedes reservar aqu\u00ed<\/a>.<\/p>\n<p>&#8211;<strong>El Parador<\/strong>, sin duda una opci\u00f3n segura y a buenos precios si se reserva con antelaci\u00f3n. Est\u00e1 ubicado muy cerca de la plaza de toros, en un edificio moderno muy bonito construido en diferentes alturas. Las habitaciones est\u00e1n muy bien y el restaurante, aunque no lo probamos, tiene unas vistas espectaculares a la Pe\u00f1a de los Enamorados. <a href=\"https:\/\/www.booking.com\/hotel\/es\/parador-de-turismo-de-antequera.en.html?aid=1923008&amp;no_rooms=1&amp;group_adults=2\" target=\"_blank\" rel=\"noopener\">Puedes reservar aqu\u00ed<\/a><\/p>\n<p>&#8211;<strong>Convento de la Magdalena<\/strong>. Aunque est\u00e1 a unos 5 kms de Antequera, es el sitio ideal para descansar. Nos gust\u00f3 todo de este hotel 5 estrellas, en especial las habitaciones, y el burrito Magdaleno que tienen all\u00ed. <a href=\"https:\/\/www.booking.com\/hotel\/es\/convento-de-la-magdalena.en.html?aid=1923008&amp;no_rooms=1&amp;group_adults=2\" target=\"_blank\" rel=\"noopener\">Puedes reservar aqu\u00ed<\/a><\/p>\n<p>&#8211;<strong>Finca Eslava<\/strong>, justo a las afueras de Antequera. Es una antigua casa se\u00f1orial del siglo XVIII y al parecer, m\u00e1s tarde un restaurante muy famoso. Nosotros nos quedamos una sola noche en diciembre de 2020 (adem\u00e1s de estar en plena pandemia, por las fechas no hab\u00eda mucha gente) y cenamos en el hotel un men\u00fa de comida tradicional bastante bueno. <a href=\"https:\/\/www.booking.com\/hotel\/es\/finca-eslava.en.html?aid=1923008&amp;no_rooms=1&amp;group_adults=2\" target=\"_blank\" rel=\"noopener\">Puedes reservar aqu\u00ed<\/a><\/p>\n<\/div><div class=\"fusion-text fusion-text-26\"><p><div id=\"attachment_20316\" style=\"width: 710px\" class=\"wp-caption alignnone\"><img decoding=\"async\" aria-describedby=\"caption-attachment-20316\" class=\"lazyload size-full wp-image-20316\" src=\"https:\/\/www.spainfoodsherpas.com\/sfs\/wp-content\/uploads\/2021\/01\/convento-magdalena-antequera.jpg\" data-orig-src=\"https:\/\/www.spainfoodsherpas.com\/sfs\/wp-content\/uploads\/2021\/01\/convento-magdalena-antequera.jpg\" alt=\"convento magdalena\" width=\"700\" height=\"525\" srcset=\"data:image\/svg+xml,%3Csvg%20xmlns%3D%27http%3A%2F%2Fwww.w3.org%2F2000%2Fsvg%27%20width%3D%27700%27%20height%3D%27525%27%20viewBox%3D%270%200%20700%20525%27%3E%3Crect%20width%3D%27700%27%20height%3D%27525%27%20fill-opacity%3D%220%22%2F%3E%3C%2Fsvg%3E\" data-srcset=\"https:\/\/www.spainfoodsherpas.com\/sfs\/wp-content\/uploads\/2021\/01\/convento-magdalena-antequera-200x150.jpg 200w, https:\/\/www.spainfoodsherpas.com\/sfs\/wp-content\/uploads\/2021\/01\/convento-magdalena-antequera-300x225.jpg 300w, https:\/\/www.spainfoodsherpas.com\/sfs\/wp-content\/uploads\/2021\/01\/convento-magdalena-antequera-400x300.jpg 400w, https:\/\/www.spainfoodsherpas.com\/sfs\/wp-content\/uploads\/2021\/01\/convento-magdalena-antequera-600x450.jpg 600w, https:\/\/www.spainfoodsherpas.com\/sfs\/wp-content\/uploads\/2021\/01\/convento-magdalena-antequera.jpg 700w\" data-sizes=\"auto\" data-orig-sizes=\"(max-width: 700px) 100vw, 700px\" \/><p id=\"caption-attachment-20316\" class=\"wp-caption-text\">Convento Magdalena<\/p><\/div>\n<div id=\"attachment_20320\" style=\"width: 710px\" class=\"wp-caption alignnone\"><img decoding=\"async\" aria-describedby=\"caption-attachment-20320\" class=\"lazyload size-full wp-image-20320\" src=\"https:\/\/www.spainfoodsherpas.com\/sfs\/wp-content\/uploads\/2021\/01\/hotel-finca-eslava.jpg\" data-orig-src=\"https:\/\/www.spainfoodsherpas.com\/sfs\/wp-content\/uploads\/2021\/01\/hotel-finca-eslava.jpg\" alt=\"hotel finca eslava\" width=\"700\" height=\"525\" srcset=\"data:image\/svg+xml,%3Csvg%20xmlns%3D%27http%3A%2F%2Fwww.w3.org%2F2000%2Fsvg%27%20width%3D%27700%27%20height%3D%27525%27%20viewBox%3D%270%200%20700%20525%27%3E%3Crect%20width%3D%27700%27%20height%3D%27525%27%20fill-opacity%3D%220%22%2F%3E%3C%2Fsvg%3E\" data-srcset=\"https:\/\/www.spainfoodsherpas.com\/sfs\/wp-content\/uploads\/2021\/01\/hotel-finca-eslava-200x150.jpg 200w, https:\/\/www.spainfoodsherpas.com\/sfs\/wp-content\/uploads\/2021\/01\/hotel-finca-eslava-300x225.jpg 300w, https:\/\/www.spainfoodsherpas.com\/sfs\/wp-content\/uploads\/2021\/01\/hotel-finca-eslava-400x300.jpg 400w, https:\/\/www.spainfoodsherpas.com\/sfs\/wp-content\/uploads\/2021\/01\/hotel-finca-eslava-600x450.jpg 600w, https:\/\/www.spainfoodsherpas.com\/sfs\/wp-content\/uploads\/2021\/01\/hotel-finca-eslava.jpg 700w\" data-sizes=\"auto\" data-orig-sizes=\"(max-width: 700px) 100vw, 700px\" \/><p id=\"caption-attachment-20320\" class=\"wp-caption-text\">Patio Interior del Hotel Finca Eslava<\/p><\/div>\n<div id=\"attachment_20324\" style=\"width: 710px\" class=\"wp-caption alignnone\"><img decoding=\"async\" aria-describedby=\"caption-attachment-20324\" class=\"lazyload size-full wp-image-20324\" src=\"https:\/\/www.spainfoodsherpas.com\/sfs\/wp-content\/uploads\/2021\/01\/interior-convento-magdalena.jpg\" data-orig-src=\"https:\/\/www.spainfoodsherpas.com\/sfs\/wp-content\/uploads\/2021\/01\/interior-convento-magdalena.jpg\" alt=\"interior convento magdalena\" width=\"700\" height=\"933\" srcset=\"data:image\/svg+xml,%3Csvg%20xmlns%3D%27http%3A%2F%2Fwww.w3.org%2F2000%2Fsvg%27%20width%3D%27700%27%20height%3D%27933%27%20viewBox%3D%270%200%20700%20933%27%3E%3Crect%20width%3D%27700%27%20height%3D%27933%27%20fill-opacity%3D%220%22%2F%3E%3C%2Fsvg%3E\" data-srcset=\"https:\/\/www.spainfoodsherpas.com\/sfs\/wp-content\/uploads\/2021\/01\/interior-convento-magdalena-200x267.jpg 200w, https:\/\/www.spainfoodsherpas.com\/sfs\/wp-content\/uploads\/2021\/01\/interior-convento-magdalena-225x300.jpg 225w, https:\/\/www.spainfoodsherpas.com\/sfs\/wp-content\/uploads\/2021\/01\/interior-convento-magdalena-400x533.jpg 400w, https:\/\/www.spainfoodsherpas.com\/sfs\/wp-content\/uploads\/2021\/01\/interior-convento-magdalena-600x800.jpg 600w, https:\/\/www.spainfoodsherpas.com\/sfs\/wp-content\/uploads\/2021\/01\/interior-convento-magdalena.jpg 700w\" data-sizes=\"auto\" data-orig-sizes=\"(max-width: 700px) 100vw, 700px\" \/><p id=\"caption-attachment-20324\" class=\"wp-caption-text\">Interior del Convento<\/p><\/div><\/p>\n<\/div><\/div><\/div><\/div><\/div><\/p>\n","protected":false},"excerpt":{"rendered":"","protected":false},"author":2,"featured_media":14578,"comment_status":"open","ping_status":"open","sticky":false,"template":"","format":"standard","meta":{"footnotes":""},"categories":[422,601,421],"tags":[],"class_list":["post-20287","post","type-post","status-publish","format-standard","has-post-thumbnail","hentry","category-descubre-malaga","category-malaga-es","category-pueblos-malaga"],"yoast_head":"<!-- This site is optimized with the Yoast SEO plugin v27.4 - https:\/\/yoast.com\/product\/yoast-seo-wordpress\/ -->\n<title>Qu\u00e9 hacer en Antequera - Torcal, D\u00f3lmenes, Iglesias y Comida exquisita<\/title>\n<meta name=\"description\" content=\"Antequera es ya una ciudad con Patrimonio Mundial. Pero esta bonita localidad tiene mucho m\u00e1s que ofrecer y que comer. \u00bfQuieres descubrirlo?\" \/>\n<meta name=\"robots\" content=\"index, follow, max-snippet:-1, max-image-preview:large, max-video-preview:-1\" \/>\n<link rel=\"canonical\" href=\"https:\/\/www.spainfoodsherpas.com\/es\/que-hacer-en-antequera-torcal-dolmenes-iglesias-y-comida-exquisita\/\" \/>\n<meta property=\"og:locale\" content=\"es_ES\" \/>\n<meta property=\"og:type\" content=\"article\" \/>\n<meta property=\"og:title\" content=\"Qu\u00e9 hacer en Antequera - Torcal, D\u00f3lmenes, Iglesias y Comida exquisita\" \/>\n<meta property=\"og:description\" content=\"Antequera es ya una ciudad con Patrimonio Mundial. Pero esta bonita localidad tiene mucho m\u00e1s que ofrecer y que comer. \u00bfQuieres descubrirlo?\" \/>\n<meta property=\"og:url\" content=\"https:\/\/www.spainfoodsherpas.com\/es\/que-hacer-en-antequera-torcal-dolmenes-iglesias-y-comida-exquisita\/\" \/>\n<meta property=\"og:site_name\" content=\"Spain Food Sherpas\" \/>\n<meta property=\"article:publisher\" content=\"https:\/\/www.facebook.com\/spainfoodsherpas\" \/>\n<meta property=\"article:published_time\" content=\"2021-01-05T17:00:44+00:00\" \/>\n<meta property=\"article:modified_time\" content=\"2021-01-06T09:26:30+00:00\" \/>\n<meta property=\"og:image\" content=\"https:\/\/www.spainfoodsherpas.com\/sfs\/wp-content\/uploads\/2018\/01\/overview-antequera-city.jpg\" \/>\n\t<meta property=\"og:image:width\" content=\"700\" \/>\n\t<meta property=\"og:image:height\" content=\"361\" \/>\n\t<meta property=\"og:image:type\" content=\"image\/jpeg\" \/>\n<meta name=\"author\" content=\"Spain Food Sherpas\" \/>\n<meta name=\"twitter:card\" content=\"summary_large_image\" \/>\n<meta name=\"twitter:label1\" content=\"Escrito por\" \/>\n\t<meta name=\"twitter:data1\" content=\"Spain Food Sherpas\" \/>\n\t<meta name=\"twitter:label2\" content=\"Tiempo de lectura\" \/>\n\t<meta name=\"twitter:data2\" content=\"30 minutos\" \/>\n<script type=\"application\/ld+json\" class=\"yoast-schema-graph\">{\"@context\":\"https:\\\/\\\/schema.org\",\"@graph\":[{\"@type\":\"Article\",\"@id\":\"https:\\\/\\\/www.spainfoodsherpas.com\\\/es\\\/que-hacer-en-antequera-torcal-dolmenes-iglesias-y-comida-exquisita\\\/#article\",\"isPartOf\":{\"@id\":\"https:\\\/\\\/www.spainfoodsherpas.com\\\/es\\\/que-hacer-en-antequera-torcal-dolmenes-iglesias-y-comida-exquisita\\\/\"},\"author\":{\"name\":\"Spain Food Sherpas\",\"@id\":\"https:\\\/\\\/www.spainfoodsherpas.com\\\/#\\\/schema\\\/person\\\/b04f318d9391b532418662359f5899e3\"},\"headline\":\"Qu\u00e9 hacer en Antequera &#8211; Torcal, D\u00f3lmenes, Iglesias y Comida exquisita\",\"datePublished\":\"2021-01-05T17:00:44+00:00\",\"dateModified\":\"2021-01-06T09:26:30+00:00\",\"mainEntityOfPage\":{\"@id\":\"https:\\\/\\\/www.spainfoodsherpas.com\\\/es\\\/que-hacer-en-antequera-torcal-dolmenes-iglesias-y-comida-exquisita\\\/\"},\"wordCount\":6060,\"commentCount\":0,\"image\":{\"@id\":\"https:\\\/\\\/www.spainfoodsherpas.com\\\/es\\\/que-hacer-en-antequera-torcal-dolmenes-iglesias-y-comida-exquisita\\\/#primaryimage\"},\"thumbnailUrl\":\"https:\\\/\\\/www.spainfoodsherpas.com\\\/sfs\\\/wp-content\\\/uploads\\\/2018\\\/01\\\/overview-antequera-city.jpg\",\"articleSection\":[\"Descubriendo M\u00e1laga\",\"Malaga\",\"Pueblos de M\u00e1laga\"],\"inLanguage\":\"es\",\"potentialAction\":[{\"@type\":\"CommentAction\",\"name\":\"Comment\",\"target\":[\"https:\\\/\\\/www.spainfoodsherpas.com\\\/es\\\/que-hacer-en-antequera-torcal-dolmenes-iglesias-y-comida-exquisita\\\/#respond\"]}]},{\"@type\":\"WebPage\",\"@id\":\"https:\\\/\\\/www.spainfoodsherpas.com\\\/es\\\/que-hacer-en-antequera-torcal-dolmenes-iglesias-y-comida-exquisita\\\/\",\"url\":\"https:\\\/\\\/www.spainfoodsherpas.com\\\/es\\\/que-hacer-en-antequera-torcal-dolmenes-iglesias-y-comida-exquisita\\\/\",\"name\":\"Qu\u00e9 hacer en Antequera - Torcal, D\u00f3lmenes, Iglesias y Comida exquisita\",\"isPartOf\":{\"@id\":\"https:\\\/\\\/www.spainfoodsherpas.com\\\/#website\"},\"primaryImageOfPage\":{\"@id\":\"https:\\\/\\\/www.spainfoodsherpas.com\\\/es\\\/que-hacer-en-antequera-torcal-dolmenes-iglesias-y-comida-exquisita\\\/#primaryimage\"},\"image\":{\"@id\":\"https:\\\/\\\/www.spainfoodsherpas.com\\\/es\\\/que-hacer-en-antequera-torcal-dolmenes-iglesias-y-comida-exquisita\\\/#primaryimage\"},\"thumbnailUrl\":\"https:\\\/\\\/www.spainfoodsherpas.com\\\/sfs\\\/wp-content\\\/uploads\\\/2018\\\/01\\\/overview-antequera-city.jpg\",\"datePublished\":\"2021-01-05T17:00:44+00:00\",\"dateModified\":\"2021-01-06T09:26:30+00:00\",\"author\":{\"@id\":\"https:\\\/\\\/www.spainfoodsherpas.com\\\/#\\\/schema\\\/person\\\/b04f318d9391b532418662359f5899e3\"},\"description\":\"Antequera es ya una ciudad con Patrimonio Mundial. Pero esta bonita localidad tiene mucho m\u00e1s que ofrecer y que comer. \u00bfQuieres descubrirlo?\",\"breadcrumb\":{\"@id\":\"https:\\\/\\\/www.spainfoodsherpas.com\\\/es\\\/que-hacer-en-antequera-torcal-dolmenes-iglesias-y-comida-exquisita\\\/#breadcrumb\"},\"inLanguage\":\"es\",\"potentialAction\":[{\"@type\":\"ReadAction\",\"target\":[\"https:\\\/\\\/www.spainfoodsherpas.com\\\/es\\\/que-hacer-en-antequera-torcal-dolmenes-iglesias-y-comida-exquisita\\\/\"]}]},{\"@type\":\"ImageObject\",\"inLanguage\":\"es\",\"@id\":\"https:\\\/\\\/www.spainfoodsherpas.com\\\/es\\\/que-hacer-en-antequera-torcal-dolmenes-iglesias-y-comida-exquisita\\\/#primaryimage\",\"url\":\"https:\\\/\\\/www.spainfoodsherpas.com\\\/sfs\\\/wp-content\\\/uploads\\\/2018\\\/01\\\/overview-antequera-city.jpg\",\"contentUrl\":\"https:\\\/\\\/www.spainfoodsherpas.com\\\/sfs\\\/wp-content\\\/uploads\\\/2018\\\/01\\\/overview-antequera-city.jpg\",\"width\":700,\"height\":361,\"caption\":\"overview antequera city\"},{\"@type\":\"BreadcrumbList\",\"@id\":\"https:\\\/\\\/www.spainfoodsherpas.com\\\/es\\\/que-hacer-en-antequera-torcal-dolmenes-iglesias-y-comida-exquisita\\\/#breadcrumb\",\"itemListElement\":[{\"@type\":\"ListItem\",\"position\":1,\"name\":\"Home\",\"item\":\"https:\\\/\\\/www.spainfoodsherpas.com\\\/es\\\/\"},{\"@type\":\"ListItem\",\"position\":2,\"name\":\"malaga excursions\",\"item\":\"https:\\\/\\\/www.spainfoodsherpas.com\\\/category\\\/malaga-excursions\\\/\"},{\"@type\":\"ListItem\",\"position\":3,\"name\":\"Qu\u00e9 hacer en Antequera &#8211; Torcal, D\u00f3lmenes, Iglesias y Comida exquisita\"}]},{\"@type\":\"WebSite\",\"@id\":\"https:\\\/\\\/www.spainfoodsherpas.com\\\/#website\",\"url\":\"https:\\\/\\\/www.spainfoodsherpas.com\\\/\",\"name\":\"Spain Food Sherpas\",\"description\":\"Food Travel Experiences\",\"potentialAction\":[{\"@type\":\"SearchAction\",\"target\":{\"@type\":\"EntryPoint\",\"urlTemplate\":\"https:\\\/\\\/www.spainfoodsherpas.com\\\/?s={search_term_string}\"},\"query-input\":{\"@type\":\"PropertyValueSpecification\",\"valueRequired\":true,\"valueName\":\"search_term_string\"}}],\"inLanguage\":\"es\"},{\"@type\":\"Person\",\"@id\":\"https:\\\/\\\/www.spainfoodsherpas.com\\\/#\\\/schema\\\/person\\\/b04f318d9391b532418662359f5899e3\",\"name\":\"Spain Food Sherpas\",\"image\":{\"@type\":\"ImageObject\",\"inLanguage\":\"es\",\"@id\":\"https:\\\/\\\/secure.gravatar.com\\\/avatar\\\/c15d885a3bd643aa81be6a59e8dee436e88b6730c896bc452a82b7af78af494b?s=96&d=mm&r=g\",\"url\":\"https:\\\/\\\/secure.gravatar.com\\\/avatar\\\/c15d885a3bd643aa81be6a59e8dee436e88b6730c896bc452a82b7af78af494b?s=96&d=mm&r=g\",\"contentUrl\":\"https:\\\/\\\/secure.gravatar.com\\\/avatar\\\/c15d885a3bd643aa81be6a59e8dee436e88b6730c896bc452a82b7af78af494b?s=96&d=mm&r=g\",\"caption\":\"Spain Food Sherpas\"},\"sameAs\":[\"https:\\\/\\\/spainfoodsherpas.com\"]}]}<\/script>\n<!-- \/ Yoast SEO plugin. -->","yoast_head_json":{"title":"Qu\u00e9 hacer en Antequera - Torcal, D\u00f3lmenes, Iglesias y Comida exquisita","description":"Antequera es ya una ciudad con Patrimonio Mundial. Pero esta bonita localidad tiene mucho m\u00e1s que ofrecer y que comer. \u00bfQuieres descubrirlo?","robots":{"index":"index","follow":"follow","max-snippet":"max-snippet:-1","max-image-preview":"max-image-preview:large","max-video-preview":"max-video-preview:-1"},"canonical":"https:\/\/www.spainfoodsherpas.com\/es\/que-hacer-en-antequera-torcal-dolmenes-iglesias-y-comida-exquisita\/","og_locale":"es_ES","og_type":"article","og_title":"Qu\u00e9 hacer en Antequera - Torcal, D\u00f3lmenes, Iglesias y Comida exquisita","og_description":"Antequera es ya una ciudad con Patrimonio Mundial. Pero esta bonita localidad tiene mucho m\u00e1s que ofrecer y que comer. \u00bfQuieres descubrirlo?","og_url":"https:\/\/www.spainfoodsherpas.com\/es\/que-hacer-en-antequera-torcal-dolmenes-iglesias-y-comida-exquisita\/","og_site_name":"Spain Food Sherpas","article_publisher":"https:\/\/www.facebook.com\/spainfoodsherpas","article_published_time":"2021-01-05T17:00:44+00:00","article_modified_time":"2021-01-06T09:26:30+00:00","og_image":[{"width":700,"height":361,"url":"https:\/\/www.spainfoodsherpas.com\/sfs\/wp-content\/uploads\/2018\/01\/overview-antequera-city.jpg","type":"image\/jpeg"}],"author":"Spain Food Sherpas","twitter_card":"summary_large_image","twitter_misc":{"Escrito por":"Spain Food Sherpas","Tiempo de lectura":"30 minutos"},"schema":{"@context":"https:\/\/schema.org","@graph":[{"@type":"Article","@id":"https:\/\/www.spainfoodsherpas.com\/es\/que-hacer-en-antequera-torcal-dolmenes-iglesias-y-comida-exquisita\/#article","isPartOf":{"@id":"https:\/\/www.spainfoodsherpas.com\/es\/que-hacer-en-antequera-torcal-dolmenes-iglesias-y-comida-exquisita\/"},"author":{"name":"Spain Food Sherpas","@id":"https:\/\/www.spainfoodsherpas.com\/#\/schema\/person\/b04f318d9391b532418662359f5899e3"},"headline":"Qu\u00e9 hacer en Antequera &#8211; Torcal, D\u00f3lmenes, Iglesias y Comida exquisita","datePublished":"2021-01-05T17:00:44+00:00","dateModified":"2021-01-06T09:26:30+00:00","mainEntityOfPage":{"@id":"https:\/\/www.spainfoodsherpas.com\/es\/que-hacer-en-antequera-torcal-dolmenes-iglesias-y-comida-exquisita\/"},"wordCount":6060,"commentCount":0,"image":{"@id":"https:\/\/www.spainfoodsherpas.com\/es\/que-hacer-en-antequera-torcal-dolmenes-iglesias-y-comida-exquisita\/#primaryimage"},"thumbnailUrl":"https:\/\/www.spainfoodsherpas.com\/sfs\/wp-content\/uploads\/2018\/01\/overview-antequera-city.jpg","articleSection":["Descubriendo M\u00e1laga","Malaga","Pueblos de M\u00e1laga"],"inLanguage":"es","potentialAction":[{"@type":"CommentAction","name":"Comment","target":["https:\/\/www.spainfoodsherpas.com\/es\/que-hacer-en-antequera-torcal-dolmenes-iglesias-y-comida-exquisita\/#respond"]}]},{"@type":"WebPage","@id":"https:\/\/www.spainfoodsherpas.com\/es\/que-hacer-en-antequera-torcal-dolmenes-iglesias-y-comida-exquisita\/","url":"https:\/\/www.spainfoodsherpas.com\/es\/que-hacer-en-antequera-torcal-dolmenes-iglesias-y-comida-exquisita\/","name":"Qu\u00e9 hacer en Antequera - Torcal, D\u00f3lmenes, Iglesias y Comida exquisita","isPartOf":{"@id":"https:\/\/www.spainfoodsherpas.com\/#website"},"primaryImageOfPage":{"@id":"https:\/\/www.spainfoodsherpas.com\/es\/que-hacer-en-antequera-torcal-dolmenes-iglesias-y-comida-exquisita\/#primaryimage"},"image":{"@id":"https:\/\/www.spainfoodsherpas.com\/es\/que-hacer-en-antequera-torcal-dolmenes-iglesias-y-comida-exquisita\/#primaryimage"},"thumbnailUrl":"https:\/\/www.spainfoodsherpas.com\/sfs\/wp-content\/uploads\/2018\/01\/overview-antequera-city.jpg","datePublished":"2021-01-05T17:00:44+00:00","dateModified":"2021-01-06T09:26:30+00:00","author":{"@id":"https:\/\/www.spainfoodsherpas.com\/#\/schema\/person\/b04f318d9391b532418662359f5899e3"},"description":"Antequera es ya una ciudad con Patrimonio Mundial. Pero esta bonita localidad tiene mucho m\u00e1s que ofrecer y que comer. \u00bfQuieres descubrirlo?","breadcrumb":{"@id":"https:\/\/www.spainfoodsherpas.com\/es\/que-hacer-en-antequera-torcal-dolmenes-iglesias-y-comida-exquisita\/#breadcrumb"},"inLanguage":"es","potentialAction":[{"@type":"ReadAction","target":["https:\/\/www.spainfoodsherpas.com\/es\/que-hacer-en-antequera-torcal-dolmenes-iglesias-y-comida-exquisita\/"]}]},{"@type":"ImageObject","inLanguage":"es","@id":"https:\/\/www.spainfoodsherpas.com\/es\/que-hacer-en-antequera-torcal-dolmenes-iglesias-y-comida-exquisita\/#primaryimage","url":"https:\/\/www.spainfoodsherpas.com\/sfs\/wp-content\/uploads\/2018\/01\/overview-antequera-city.jpg","contentUrl":"https:\/\/www.spainfoodsherpas.com\/sfs\/wp-content\/uploads\/2018\/01\/overview-antequera-city.jpg","width":700,"height":361,"caption":"overview antequera city"},{"@type":"BreadcrumbList","@id":"https:\/\/www.spainfoodsherpas.com\/es\/que-hacer-en-antequera-torcal-dolmenes-iglesias-y-comida-exquisita\/#breadcrumb","itemListElement":[{"@type":"ListItem","position":1,"name":"Home","item":"https:\/\/www.spainfoodsherpas.com\/es\/"},{"@type":"ListItem","position":2,"name":"malaga excursions","item":"https:\/\/www.spainfoodsherpas.com\/category\/malaga-excursions\/"},{"@type":"ListItem","position":3,"name":"Qu\u00e9 hacer en Antequera &#8211; Torcal, D\u00f3lmenes, Iglesias y Comida exquisita"}]},{"@type":"WebSite","@id":"https:\/\/www.spainfoodsherpas.com\/#website","url":"https:\/\/www.spainfoodsherpas.com\/","name":"Spain Food Sherpas","description":"Food Travel Experiences","potentialAction":[{"@type":"SearchAction","target":{"@type":"EntryPoint","urlTemplate":"https:\/\/www.spainfoodsherpas.com\/?s={search_term_string}"},"query-input":{"@type":"PropertyValueSpecification","valueRequired":true,"valueName":"search_term_string"}}],"inLanguage":"es"},{"@type":"Person","@id":"https:\/\/www.spainfoodsherpas.com\/#\/schema\/person\/b04f318d9391b532418662359f5899e3","name":"Spain Food Sherpas","image":{"@type":"ImageObject","inLanguage":"es","@id":"https:\/\/secure.gravatar.com\/avatar\/c15d885a3bd643aa81be6a59e8dee436e88b6730c896bc452a82b7af78af494b?s=96&d=mm&r=g","url":"https:\/\/secure.gravatar.com\/avatar\/c15d885a3bd643aa81be6a59e8dee436e88b6730c896bc452a82b7af78af494b?s=96&d=mm&r=g","contentUrl":"https:\/\/secure.gravatar.com\/avatar\/c15d885a3bd643aa81be6a59e8dee436e88b6730c896bc452a82b7af78af494b?s=96&d=mm&r=g","caption":"Spain Food Sherpas"},"sameAs":["https:\/\/spainfoodsherpas.com"]}]}},"_links":{"self":[{"href":"https:\/\/www.spainfoodsherpas.com\/es\/wp-json\/wp\/v2\/posts\/20287","targetHints":{"allow":["GET"]}}],"collection":[{"href":"https:\/\/www.spainfoodsherpas.com\/es\/wp-json\/wp\/v2\/posts"}],"about":[{"href":"https:\/\/www.spainfoodsherpas.com\/es\/wp-json\/wp\/v2\/types\/post"}],"author":[{"embeddable":true,"href":"https:\/\/www.spainfoodsherpas.com\/es\/wp-json\/wp\/v2\/users\/2"}],"replies":[{"embeddable":true,"href":"https:\/\/www.spainfoodsherpas.com\/es\/wp-json\/wp\/v2\/comments?post=20287"}],"version-history":[{"count":10,"href":"https:\/\/www.spainfoodsherpas.com\/es\/wp-json\/wp\/v2\/posts\/20287\/revisions"}],"predecessor-version":[{"id":22656,"href":"https:\/\/www.spainfoodsherpas.com\/es\/wp-json\/wp\/v2\/posts\/20287\/revisions\/22656"}],"wp:featuredmedia":[{"embeddable":true,"href":"https:\/\/www.spainfoodsherpas.com\/es\/wp-json\/wp\/v2\/media\/14578"}],"wp:attachment":[{"href":"https:\/\/www.spainfoodsherpas.com\/es\/wp-json\/wp\/v2\/media?parent=20287"}],"wp:term":[{"taxonomy":"category","embeddable":true,"href":"https:\/\/www.spainfoodsherpas.com\/es\/wp-json\/wp\/v2\/categories?post=20287"},{"taxonomy":"post_tag","embeddable":true,"href":"https:\/\/www.spainfoodsherpas.com\/es\/wp-json\/wp\/v2\/tags?post=20287"}],"curies":[{"name":"wp","href":"https:\/\/api.w.org\/{rel}","templated":true}]}}