
{"id":6535,"date":"2016-04-07T21:09:42","date_gmt":"2016-04-07T21:09:42","guid":{"rendered":"https:\/\/www.spainfoodsherpas.com\/de\/?p=6535"},"modified":"2017-12-07T11:32:59","modified_gmt":"2017-12-07T09:32:59","slug":"veranstaltungen-malaga-2016","status":"publish","type":"post","link":"https:\/\/www.spainfoodsherpas.com\/de\/veranstaltungen-malaga-2016\/","title":{"rendered":"Malaga 20 Veranstaltungen die Du nicht verpassen d\u00fcrfen"},"content":{"rendered":"<p><div class=\"fusion-fullwidth fullwidth-box fusion-builder-row-1 fusion-flex-container nonhundred-percent-fullwidth non-hundred-percent-height-scrolling\" style=\"--awb-border-radius-top-left:0px;--awb-border-radius-top-right:0px;--awb-border-radius-bottom-right:0px;--awb-border-radius-bottom-left:0px;--awb-flex-wrap:wrap;\" ><div class=\"fusion-builder-row fusion-row fusion-flex-align-items-flex-start fusion-flex-content-wrap\" style=\"max-width:calc( 1170px + 0px );margin-left: calc(-0px \/ 2 );margin-right: calc(-0px \/ 2 );\"><div class=\"fusion-layout-column fusion_builder_column fusion-builder-column-0 fusion_builder_column_1_1 1_1 fusion-flex-column\" style=\"--awb-bg-size:cover;--awb-width-large:100%;--awb-margin-top-large:0px;--awb-spacing-right-large:0px;--awb-margin-bottom-large:0px;--awb-spacing-left-large:0px;--awb-width-medium:100%;--awb-spacing-right-medium:0px;--awb-spacing-left-medium:0px;--awb-width-small:100%;--awb-spacing-right-small:0px;--awb-spacing-left-small:0px;\"><div class=\"fusion-column-wrapper fusion-flex-justify-content-flex-start fusion-content-layout-column\"><div class=\"fusion-text fusion-text-1\"><p class=\"entrada\">Malaga ist lebendig. Sowohl die Hauptstadt, als auch die Provinz zeigen dies jedes Jahr mit einer breiten Palette an Aktivit\u00e4ten, die von der Gastronomie bis zum Kino reichen, mit Traditionen, Musik, Folklore oder \u201emoragas\u201c- Sommerfesten am Strand. In Spain Food Sherpas haben wir die 20 besten Events rausgesucht, die Sie 2016 nicht verpassen d\u00fcrfen.<\/p>\n<p>Vielleicht sind sie nicht die Wichtigsten, aber diejenigen, unseren Erachtens nach, die Sie das wahre Wesen Malagas entdecken lassen. Nehmen Sie Ihren Kalender und schreiben Sie mit!<\/p>\n<h3><\/h3>\n<h3><strong>Theaterfestival<\/strong><\/h3>\n<p>Das kulturelle Jahr beginnt sehr fr\u00fch in Malaga. Seit 34 Jahren wird jeden Januar und Februar das Malaga Theaterfestival gefeiert, das diesmal vom 7. Januar bis 11. Februar 2016 stattfindet. W\u00e4hrend dieser f\u00fcnf Wochen nimmt das \u201eTheater\u201c die Hauptrolle des Programms des <a href=\"http:\/\/www.teatrocervantes.com\/\" target=\"_blank\" rel=\"noopener\">Cervantes <\/a>und Echegaray Theaters an, aber auch andere B\u00fchnen stellen sich gerne bereit wie der Joaqu\u00edn El\u00e9jar Saal, das kulturelle Kollektiv Maynake, Chela Mar oder Microteatro M\u00e1laga und viele weitere Hotels und Terrassen, die in dem Zyklus OFF Festival mit aufgenommen sind. Fast f\u00fcnfzig St\u00fccke werden jedes Jahr in einem intensiven Programm pr\u00e4sentiert, welches auch Workshops und Ausstellungen beinh\u00e4lt. Fast nicht m\u00f6glichalles zu sehen, aber einen Versuch ist es auf jeden Fall wert.<\/p>\n<\/div><\/div><\/div><\/div><\/div><div class=\"fusion-fullwidth fullwidth-box fusion-builder-row-2 fusion-flex-container hundred-percent-fullwidth non-hundred-percent-height-scrolling\" style=\"--awb-border-radius-top-left:0px;--awb-border-radius-top-right:0px;--awb-border-radius-bottom-right:0px;--awb-border-radius-bottom-left:0px;--awb-overflow:visible;--awb-flex-wrap:wrap;\" ><div class=\"fusion-builder-row fusion-row fusion-flex-align-items-flex-start fusion-flex-content-wrap\" style=\"width:calc( 100% + 0px ) !important;max-width:calc( 100% + 0px ) !important;margin-left: calc(-0px \/ 2 );margin-right: calc(-0px \/ 2 );\"><div class=\"fusion-layout-column fusion_builder_column fusion-builder-column-1 fusion_builder_column_1_1 1_1 fusion-flex-column fusion-flex-align-self-flex-start fusion-column-no-min-height\" style=\"--awb-bg-size:cover;--awb-width-large:100%;--awb-margin-top-large:0px;--awb-spacing-right-large:0px;--awb-margin-bottom-large:0px;--awb-spacing-left-large:0px;--awb-width-medium:100%;--awb-spacing-right-medium:0px;--awb-spacing-left-medium:0px;--awb-width-small:100%;--awb-spacing-right-small:0px;--awb-spacing-left-small:0px;\"><div class=\"fusion-column-wrapper fusion-flex-justify-content-flex-start fusion-content-layout-column\"><div class=\"fusion-text fusion-text-2\"><div id=\"attachment_4518\" style=\"width: 614px\" class=\"wp-caption alignnone\"><img decoding=\"async\" aria-describedby=\"caption-attachment-4518\" class=\"lazyload wp-image-4518 size-full\" src=\"https:\/\/www.spainfoodsherpas.com\/sfs\/wp-content\/uploads\/2016\/03\/theater-festival-malaga.jpg\" data-orig-src=\"https:\/\/www.spainfoodsherpas.com\/sfs\/wp-content\/uploads\/2016\/03\/theater-festival-malaga.jpg\" alt=\"theater festival malaga\" width=\"604\" height=\"403\" srcset=\"data:image\/svg+xml,%3Csvg%20xmlns%3D%27http%3A%2F%2Fwww.w3.org%2F2000%2Fsvg%27%20width%3D%27604%27%20height%3D%27403%27%20viewBox%3D%270%200%20604%20403%27%3E%3Crect%20width%3D%27604%27%20height%3D%27403%27%20fill-opacity%3D%220%22%2F%3E%3C%2Fsvg%3E\" data-srcset=\"https:\/\/www.spainfoodsherpas.com\/sfs\/wp-content\/uploads\/2016\/03\/theater-festival-malaga-200x133.jpg 200w, https:\/\/www.spainfoodsherpas.com\/sfs\/wp-content\/uploads\/2016\/03\/theater-festival-malaga-240x160.jpg 240w, https:\/\/www.spainfoodsherpas.com\/sfs\/wp-content\/uploads\/2016\/03\/theater-festival-malaga-300x200.jpg 300w, https:\/\/www.spainfoodsherpas.com\/sfs\/wp-content\/uploads\/2016\/03\/theater-festival-malaga-400x267.jpg 400w, https:\/\/www.spainfoodsherpas.com\/sfs\/wp-content\/uploads\/2016\/03\/theater-festival-malaga-500x334.jpg 500w, https:\/\/www.spainfoodsherpas.com\/sfs\/wp-content\/uploads\/2016\/03\/theater-festival-malaga-600x400.jpg 600w, https:\/\/www.spainfoodsherpas.com\/sfs\/wp-content\/uploads\/2016\/03\/theater-festival-malaga.jpg 604w\" data-sizes=\"auto\" data-orig-sizes=\"(max-width: 604px) 100vw, 604px\" \/><p id=\"caption-attachment-4518\" class=\"wp-caption-text\"><span style=\"color: #999999; font-size: 12px;\">Photo: Teatro Cervantes<\/span><\/p><\/div>\n<\/div><\/div><\/div><div class=\"fusion-layout-column fusion_builder_column fusion-builder-column-2 fusion_builder_column_1_1 1_1 fusion-flex-column fusion-flex-align-self-flex-start fusion-column-no-min-height\" style=\"--awb-bg-size:cover;--awb-width-large:100%;--awb-margin-top-large:0px;--awb-spacing-right-large:0px;--awb-margin-bottom-large:0px;--awb-spacing-left-large:0px;--awb-width-medium:100%;--awb-spacing-right-medium:0px;--awb-spacing-left-medium:0px;--awb-width-small:100%;--awb-spacing-right-small:0px;--awb-spacing-left-small:0px;\"><div class=\"fusion-column-wrapper fusion-flex-justify-content-flex-start fusion-content-layout-column\"><div class=\"fusion-text fusion-text-3\"><h3><strong>Semana Santa, Ostern<\/strong><\/h3>\n<p>Die Karwoche in Malaga ist eine der wichtigsten in Spanien. Sie wird sieben Tage lang mit Prozessionen zwischen Palmsonntag und Ostersonntag gefeiert, wobei der Karsamstag der einzigste Tag ist, wo keine Bilder und Throne in den Stra\u00dfen der Stadt getragen werden. In diesem Jahr findet die Semana Santa zwischen dem 25.\u00a0M\u00e4rz und 1. April statt. Die traditionellen Oster-Prozessionen begannen in Malaga nach dem Eintritt der katholischen K\u00f6nige in der Stadt im Jahr 1487 und seitdem hat sich diese Tradition in den meisten Bezirken der Hauptstadt fest verwurzelt.- Obwohl sie vor allem in Stadtteilen wie \u201eEl Perchel\u201c oder \u201eLa Trinidad\u201c gelebt wird, zwei der traditionsreichsten Malagas.<\/p>\n<p>Jeden Tag tragen die verschiedenen Bruderschaften Throne mit Abbildungen von Jesus Christus und der Jungfrau Maria entlang einer offiziellen Tour die von Tausenden von Menschen besucht wird. Jeden Gr\u00fcndonnerstag und Karfreitag werden einige der gr\u00f6\u00dften Momente mit purer Leidenschaft erlebt, obwohl einer der am meist erwarteten Momente die Prozession von \u201eNuestro Padre Jesus Cautivo\u201c, bekannt als \u201eEl Cautivo\u201c, ist, der mit allergr\u00f6\u00dfter Hingabe gefeiert wird- jeden Ostermontag . Wenn es der Regen zul\u00e4sst, nat\u00fcrlich.<\/p>\n<\/div><\/div><\/div><div class=\"fusion-layout-column fusion_builder_column fusion-builder-column-3 fusion_builder_column_1_1 1_1 fusion-flex-column fusion-flex-align-self-flex-start fusion-column-no-min-height\" style=\"--awb-bg-size:cover;--awb-width-large:100%;--awb-margin-top-large:0px;--awb-spacing-right-large:0px;--awb-margin-bottom-large:0px;--awb-spacing-left-large:0px;--awb-width-medium:100%;--awb-spacing-right-medium:0px;--awb-spacing-left-medium:0px;--awb-width-small:100%;--awb-spacing-right-small:0px;--awb-spacing-left-small:0px;\"><div class=\"fusion-column-wrapper fusion-flex-justify-content-flex-start fusion-content-layout-column\"><div class=\"fusion-text fusion-text-4\"><div id=\"attachment_4525\" style=\"width: 614px\" class=\"wp-caption alignnone\"><img decoding=\"async\" aria-describedby=\"caption-attachment-4525\" class=\"lazyload wp-image-4525 size-full\" title=\"holy week malaga\" src=\"https:\/\/www.spainfoodsherpas.com\/sfs\/wp-content\/uploads\/2016\/03\/holy-week-malaga.jpg\" data-orig-src=\"https:\/\/www.spainfoodsherpas.com\/sfs\/wp-content\/uploads\/2016\/03\/holy-week-malaga.jpg\" alt=\"holy week malaga\" width=\"604\" height=\"402\" srcset=\"data:image\/svg+xml,%3Csvg%20xmlns%3D%27http%3A%2F%2Fwww.w3.org%2F2000%2Fsvg%27%20width%3D%27604%27%20height%3D%27402%27%20viewBox%3D%270%200%20604%20402%27%3E%3Crect%20width%3D%27604%27%20height%3D%27402%27%20fill-opacity%3D%220%22%2F%3E%3C%2Fsvg%3E\" data-srcset=\"https:\/\/www.spainfoodsherpas.com\/sfs\/wp-content\/uploads\/2016\/03\/holy-week-malaga-200x133.jpg 200w, https:\/\/www.spainfoodsherpas.com\/sfs\/wp-content\/uploads\/2016\/03\/holy-week-malaga-240x160.jpg 240w, https:\/\/www.spainfoodsherpas.com\/sfs\/wp-content\/uploads\/2016\/03\/holy-week-malaga-300x200.jpg 300w, https:\/\/www.spainfoodsherpas.com\/sfs\/wp-content\/uploads\/2016\/03\/holy-week-malaga-400x266.jpg 400w, https:\/\/www.spainfoodsherpas.com\/sfs\/wp-content\/uploads\/2016\/03\/holy-week-malaga-500x333.jpg 500w, https:\/\/www.spainfoodsherpas.com\/sfs\/wp-content\/uploads\/2016\/03\/holy-week-malaga-600x399.jpg 600w, https:\/\/www.spainfoodsherpas.com\/sfs\/wp-content\/uploads\/2016\/03\/holy-week-malaga.jpg 604w\" data-sizes=\"auto\" data-orig-sizes=\"(max-width: 604px) 100vw, 604px\" \/><p id=\"caption-attachment-4525\" class=\"wp-caption-text\"><span style=\"color: #999999; font-size: 12px;\">Photo: \u00a9 \u00c1rea de Turismo. Ayuntamiento de M\u00e1laga.<\/span><\/p><\/div>\n<h3><strong>Gastronomie Festival Malaga<\/strong><\/h3>\n<p>Zehn Tage lang Farben, Aromen und Geschmacksrichtungen um Malaga zu verkosten. So definiert sich das <a href=\"http:\/\/malagastronomyfestival.com\/\" target=\"_blank\" rel=\"noopener\">Gastronomie Festival<\/a> in Malaga- eine Veranstaltung die erst vor kurzem geschaffen wurde und zum ersten Mal 2015 gefeiert wurde.\u00a0 Tage, in denen Malaga sich wieder zur nationalen gastronomischen Hauptstadt wandelt . Showcookings, Kochkultur Workshops, Konferenzen, Debatten, Kochkurse f\u00fcr Erwachsene und Kinder und Verkostungen sind einige der Aktivit\u00e4ten, die an diesen Tagen stattfinden werden. Es ist ein Termin an dem einige der wichtigsten nationalen und lokalen K\u00f6che beteiligt sind. Um dies zu tun, verwendet dieses Event ein gro\u00dfes Zelt auf dem zentralen Marina Platz, aber auch andere R\u00e4umlichkeiten in Hotels und Restaurants, sowie in der Hauptstadt, als auch in anderen St\u00e4dten der Provinz.<\/p>\n<\/div><\/div><\/div><div class=\"fusion-layout-column fusion_builder_column fusion-builder-column-4 fusion_builder_column_1_1 1_1 fusion-flex-column fusion-flex-align-self-flex-start fusion-column-no-min-height\" style=\"--awb-bg-size:cover;--awb-width-large:100%;--awb-margin-top-large:0px;--awb-spacing-right-large:0px;--awb-margin-bottom-large:0px;--awb-spacing-left-large:0px;--awb-width-medium:100%;--awb-spacing-right-medium:0px;--awb-spacing-left-medium:0px;--awb-width-small:100%;--awb-spacing-right-small:0px;--awb-spacing-left-small:0px;\"><div class=\"fusion-column-wrapper fusion-flex-justify-content-flex-start fusion-content-layout-column\"><div class=\"fusion-text fusion-text-5\"><div id=\"attachment_4528\" style=\"width: 614px\" class=\"wp-caption alignnone\"><img decoding=\"async\" aria-describedby=\"caption-attachment-4528\" class=\"lazyload wp-image-4528 size-full\" src=\"https:\/\/www.spainfoodsherpas.com\/sfs\/wp-content\/uploads\/2016\/03\/malaga-gastronomy-festival.jpg\" data-orig-src=\"https:\/\/www.spainfoodsherpas.com\/sfs\/wp-content\/uploads\/2016\/03\/malaga-gastronomy-festival.jpg\" alt=\"malaga gastronomy festival\" width=\"604\" height=\"401\" srcset=\"data:image\/svg+xml,%3Csvg%20xmlns%3D%27http%3A%2F%2Fwww.w3.org%2F2000%2Fsvg%27%20width%3D%27604%27%20height%3D%27401%27%20viewBox%3D%270%200%20604%20401%27%3E%3Crect%20width%3D%27604%27%20height%3D%27401%27%20fill-opacity%3D%220%22%2F%3E%3C%2Fsvg%3E\" data-srcset=\"https:\/\/www.spainfoodsherpas.com\/sfs\/wp-content\/uploads\/2016\/03\/malaga-gastronomy-festival-200x133.jpg 200w, https:\/\/www.spainfoodsherpas.com\/sfs\/wp-content\/uploads\/2016\/03\/malaga-gastronomy-festival-240x159.jpg 240w, https:\/\/www.spainfoodsherpas.com\/sfs\/wp-content\/uploads\/2016\/03\/malaga-gastronomy-festival-300x199.jpg 300w, https:\/\/www.spainfoodsherpas.com\/sfs\/wp-content\/uploads\/2016\/03\/malaga-gastronomy-festival-400x266.jpg 400w, https:\/\/www.spainfoodsherpas.com\/sfs\/wp-content\/uploads\/2016\/03\/malaga-gastronomy-festival-500x332.jpg 500w, https:\/\/www.spainfoodsherpas.com\/sfs\/wp-content\/uploads\/2016\/03\/malaga-gastronomy-festival-600x398.jpg 600w, https:\/\/www.spainfoodsherpas.com\/sfs\/wp-content\/uploads\/2016\/03\/malaga-gastronomy-festival.jpg 604w\" data-sizes=\"auto\" data-orig-sizes=\"(max-width: 604px) 100vw, 604px\" \/><p id=\"caption-attachment-4528\" class=\"wp-caption-text\"><span style=\"color: #999999; font-size: 12px;\">Photo: M\u00e1laga Gastronomy Festival<\/span><\/p><\/div>\n<\/div><\/div><\/div><div class=\"fusion-layout-column fusion_builder_column fusion-builder-column-5 fusion_builder_column_1_1 1_1 fusion-flex-column fusion-flex-align-self-flex-start fusion-column-no-min-height\" style=\"--awb-bg-size:cover;--awb-width-large:100%;--awb-margin-top-large:0px;--awb-spacing-right-large:0px;--awb-margin-bottom-large:0px;--awb-spacing-left-large:0px;--awb-width-medium:100%;--awb-spacing-right-medium:0px;--awb-spacing-left-medium:0px;--awb-width-small:100%;--awb-spacing-right-small:0px;--awb-spacing-left-small:0px;\"><div class=\"fusion-column-wrapper fusion-flex-justify-content-flex-start fusion-content-layout-column\"><div class=\"fusion-text fusion-text-6\"><h3><strong>Filmfestival Malaga<\/strong><\/h3>\n<p>Malaga rollt jedes Jahr den roten Teppich f\u00fcr die Stars der nationalen Kinoszene aus. Die Stadt atmet f\u00fcr ein paar Tage Glanz und Glamour und begr\u00fc\u00dft die Premieren der neuesten spanischen Filme, aber auch Dokumentarfilme, Kurzfilme und sogar lateinamerikanisches Kino. W\u00e4hrend des einw\u00f6chigen Filmfestivals ist die Hauptstadt voll von Ereignissen und das Kino wird zur Hauptfigur des t\u00e4glichen Lebens des \u201eMalague\u00f1os\u201c: Tausende von Menschen gehen jeden Tag auf die Stra\u00dfen um das gute Wetter und gutes Kino zu genie\u00dfen. Ein spektakul\u00e4rer Cocktail, der dieses Fest eines der attraktivsten des spanischen Panoramas macht. 2018 findet es vom 13. bis 22. April statt.<\/p>\n<\/div><\/div><\/div><div class=\"fusion-layout-column fusion_builder_column fusion-builder-column-6 fusion_builder_column_1_1 1_1 fusion-flex-column fusion-flex-align-self-flex-start fusion-column-no-min-height\" style=\"--awb-bg-size:cover;--awb-width-large:100%;--awb-margin-top-large:0px;--awb-spacing-right-large:0px;--awb-margin-bottom-large:0px;--awb-spacing-left-large:0px;--awb-width-medium:100%;--awb-spacing-right-medium:0px;--awb-spacing-left-medium:0px;--awb-width-small:100%;--awb-spacing-right-small:0px;--awb-spacing-left-small:0px;\"><div class=\"fusion-column-wrapper fusion-flex-justify-content-flex-start fusion-content-layout-column\"><div class=\"fusion-text fusion-text-7\"><div id=\"attachment_4527\" style=\"width: 614px\" class=\"wp-caption alignnone\"><img decoding=\"async\" aria-describedby=\"caption-attachment-4527\" class=\"lazyload wp-image-4527 size-full\" title=\"malaga film festival\" src=\"https:\/\/www.spainfoodsherpas.com\/sfs\/wp-content\/uploads\/2016\/03\/malaga-film-festival.jpg\" data-orig-src=\"https:\/\/www.spainfoodsherpas.com\/sfs\/wp-content\/uploads\/2016\/03\/malaga-film-festival.jpg\" alt=\"malaga film festival\" width=\"604\" height=\"402\" srcset=\"data:image\/svg+xml,%3Csvg%20xmlns%3D%27http%3A%2F%2Fwww.w3.org%2F2000%2Fsvg%27%20width%3D%27604%27%20height%3D%27402%27%20viewBox%3D%270%200%20604%20402%27%3E%3Crect%20width%3D%27604%27%20height%3D%27402%27%20fill-opacity%3D%220%22%2F%3E%3C%2Fsvg%3E\" data-srcset=\"https:\/\/www.spainfoodsherpas.com\/sfs\/wp-content\/uploads\/2016\/03\/malaga-film-festival-200x133.jpg 200w, https:\/\/www.spainfoodsherpas.com\/sfs\/wp-content\/uploads\/2016\/03\/malaga-film-festival-240x160.jpg 240w, https:\/\/www.spainfoodsherpas.com\/sfs\/wp-content\/uploads\/2016\/03\/malaga-film-festival-300x200.jpg 300w, https:\/\/www.spainfoodsherpas.com\/sfs\/wp-content\/uploads\/2016\/03\/malaga-film-festival-400x266.jpg 400w, https:\/\/www.spainfoodsherpas.com\/sfs\/wp-content\/uploads\/2016\/03\/malaga-film-festival-500x333.jpg 500w, https:\/\/www.spainfoodsherpas.com\/sfs\/wp-content\/uploads\/2016\/03\/malaga-film-festival-600x399.jpg 600w, https:\/\/www.spainfoodsherpas.com\/sfs\/wp-content\/uploads\/2016\/03\/malaga-film-festival.jpg 604w\" data-sizes=\"auto\" data-orig-sizes=\"(max-width: 604px) 100vw, 604px\" \/><p id=\"caption-attachment-4527\" class=\"wp-caption-text\"><span style=\"color: #999999; font-size: 12px;\">Photo: \u00a9 \u00c1rea de Turismo. Ayuntamiento de M\u00e1laga.<\/span><\/p><\/div>\n<h3><strong>Weisse Nacht<\/strong><\/h3>\n<p>Die \u201eNoche en blanco\u201c ist das wichtigste kulturelle Ereignis Malagas, wenn man es in Zahlen ausdr\u00fcckt: so bietet es in einer Nacht fast 200 Aktivit\u00e4ten an und mehr als 200.000 Menschen besuchen es. In der Hauptstadt der Costa del Sol findet es seit 2008 statt, aber seit 2016 enth\u00e4lt eine Neuheit: es sind die \u201eMalague\u00f1os\u201c selbst die das Thema ausw\u00e4hlen d\u00fcrfen, um das sich die wei\u00dfe Nacht dreht. Und von den B\u00fcrgern ausgew\u00e4hlt wurden \u201edie Sterne\u201c. Wie \u00e4hnliche Veranstaltungen in anderen St\u00e4dten auf dem ganzen Planeten ist das Ziel dieser Initiative das zeitgen\u00f6ssische, k\u00fcnstlerische Schaffen an die B\u00fcrger ranzubringen. Und eins ist immer gew\u00e4hrleistet:\u00a0 die Aktivit\u00e4ten sind gratis, der Avantgarde, mit Beteiligung der B\u00fcrger und nachhaltig.<\/p>\n<\/div><\/div><\/div><div class=\"fusion-layout-column fusion_builder_column fusion-builder-column-7 fusion_builder_column_1_1 1_1 fusion-flex-column fusion-flex-align-self-flex-start fusion-column-no-min-height\" style=\"--awb-bg-size:cover;--awb-width-large:100%;--awb-margin-top-large:0px;--awb-spacing-right-large:0px;--awb-margin-bottom-large:0px;--awb-spacing-left-large:0px;--awb-width-medium:100%;--awb-spacing-right-medium:0px;--awb-spacing-left-medium:0px;--awb-width-small:100%;--awb-spacing-right-small:0px;--awb-spacing-left-small:0px;\"><div class=\"fusion-column-wrapper fusion-flex-justify-content-flex-start fusion-content-layout-column\"><div class=\"fusion-text fusion-text-8\"><div id=\"attachment_4532\" style=\"width: 614px\" class=\"wp-caption alignnone\"><img decoding=\"async\" aria-describedby=\"caption-attachment-4532\" class=\"lazyload wp-image-4532 size-full\" title=\"Noche en blanco Malaga\" src=\"https:\/\/www.spainfoodsherpas.com\/sfs\/wp-content\/uploads\/2016\/03\/Noche-en-Blanco-malaga.jpg\" data-orig-src=\"https:\/\/www.spainfoodsherpas.com\/sfs\/wp-content\/uploads\/2016\/03\/Noche-en-Blanco-malaga.jpg\" alt=\"Noche en Blanco malaga\" width=\"604\" height=\"402\" srcset=\"data:image\/svg+xml,%3Csvg%20xmlns%3D%27http%3A%2F%2Fwww.w3.org%2F2000%2Fsvg%27%20width%3D%27604%27%20height%3D%27402%27%20viewBox%3D%270%200%20604%20402%27%3E%3Crect%20width%3D%27604%27%20height%3D%27402%27%20fill-opacity%3D%220%22%2F%3E%3C%2Fsvg%3E\" data-srcset=\"https:\/\/www.spainfoodsherpas.com\/sfs\/wp-content\/uploads\/2016\/03\/Noche-en-Blanco-malaga-200x133.jpg 200w, https:\/\/www.spainfoodsherpas.com\/sfs\/wp-content\/uploads\/2016\/03\/Noche-en-Blanco-malaga-240x160.jpg 240w, https:\/\/www.spainfoodsherpas.com\/sfs\/wp-content\/uploads\/2016\/03\/Noche-en-Blanco-malaga-300x200.jpg 300w, https:\/\/www.spainfoodsherpas.com\/sfs\/wp-content\/uploads\/2016\/03\/Noche-en-Blanco-malaga-400x266.jpg 400w, https:\/\/www.spainfoodsherpas.com\/sfs\/wp-content\/uploads\/2016\/03\/Noche-en-Blanco-malaga-500x333.jpg 500w, https:\/\/www.spainfoodsherpas.com\/sfs\/wp-content\/uploads\/2016\/03\/Noche-en-Blanco-malaga-600x399.jpg 600w, https:\/\/www.spainfoodsherpas.com\/sfs\/wp-content\/uploads\/2016\/03\/Noche-en-Blanco-malaga.jpg 604w\" data-sizes=\"auto\" data-orig-sizes=\"(max-width: 604px) 100vw, 604px\" \/><p id=\"caption-attachment-4532\" class=\"wp-caption-text\"><span style=\"color: #999999; font-size: 12px;\">Photo: \u00a9 \u00c1rea de Turismo. Ayuntamiento de M\u00e1laga.<\/span><\/p><\/div>\n<h3><strong>Johannis Fest<\/strong><\/h3>\n<p>Wenn der Sommer gerade angefangen hat, wird am 23. Juni in Malaga eine der lustigsten N\u00e4chte gefeiert. Es ist der Vorabend von \u201eSan Juan\u201c und, wie in vielen anderen St\u00e4dte im Mittelmeerraum, gehen diese Nacht viele Menschen auf die Stra\u00dfe, um die Ankunft der Sommersaison zu feiern. In Malaga jedoch, ist es sehr speziell: es werden \u201emoragas\u201c am Strand gefeiert, wo Sardinen und nat\u00fcrlich ihre Spie\u00dfe die Protagonisten der gl\u00fchenden Kohlen des Grills sind. Die Tradition schreibt vor, dass genau um Mitternacht \u201eJ\u00faas\u201c im Johannisfeuer verbrannt werden: dies sind Puppen die einen Menschen oder ber\u00fchmte Pers\u00f6nlichkeit repr\u00e4sentieren.<\/p>\n<p>Die Legende erz\u00e4hlt auch, dass man W\u00fcnsche im Feuer verbrennen kann, die Wirklichkeit werden, wenn dann die Person \u00fcber das Feuer springt. Und wer sich um Mitternacht im Meer badet oder das Gesicht w\u00e4scht, wird seine Sch\u00f6nheit behalten. Ob es richtig ist oder nicht, einen Versuch ist es auf jeden Fall wert&#8230; und auch sich von diesem besonderen Fest Malagas mitrei\u00dfen zu lassen.<\/p>\n<\/div><\/div><\/div><div class=\"fusion-layout-column fusion_builder_column fusion-builder-column-8 fusion_builder_column_1_1 1_1 fusion-flex-column fusion-flex-align-self-flex-start fusion-column-no-min-height\" style=\"--awb-bg-size:cover;--awb-width-large:100%;--awb-margin-top-large:0px;--awb-spacing-right-large:0px;--awb-margin-bottom-large:0px;--awb-spacing-left-large:0px;--awb-width-medium:100%;--awb-spacing-right-medium:0px;--awb-spacing-left-medium:0px;--awb-width-small:100%;--awb-spacing-right-small:0px;--awb-spacing-left-small:0px;\"><div class=\"fusion-column-wrapper fusion-flex-justify-content-flex-start fusion-content-layout-column\"><div class=\"fusion-text fusion-text-9\"><div id=\"attachment_4534\" style=\"width: 614px\" class=\"wp-caption alignnone\"><img decoding=\"async\" aria-describedby=\"caption-attachment-4534\" class=\"lazyload wp-image-4534 size-full\" title=\"San Juan Festival\" src=\"https:\/\/www.spainfoodsherpas.com\/sfs\/wp-content\/uploads\/2016\/03\/San-Juan-Festival.jpg\" data-orig-src=\"https:\/\/www.spainfoodsherpas.com\/sfs\/wp-content\/uploads\/2016\/03\/San-Juan-Festival.jpg\" alt=\"San Juan Festival\" width=\"604\" height=\"906\" srcset=\"data:image\/svg+xml,%3Csvg%20xmlns%3D%27http%3A%2F%2Fwww.w3.org%2F2000%2Fsvg%27%20width%3D%27604%27%20height%3D%27906%27%20viewBox%3D%270%200%20604%20906%27%3E%3Crect%20width%3D%27604%27%20height%3D%27906%27%20fill-opacity%3D%220%22%2F%3E%3C%2Fsvg%3E\" data-srcset=\"https:\/\/www.spainfoodsherpas.com\/sfs\/wp-content\/uploads\/2016\/03\/San-Juan-Festival-200x300.jpg 200w, https:\/\/www.spainfoodsherpas.com\/sfs\/wp-content\/uploads\/2016\/03\/San-Juan-Festival-240x360.jpg 240w, https:\/\/www.spainfoodsherpas.com\/sfs\/wp-content\/uploads\/2016\/03\/San-Juan-Festival-400x600.jpg 400w, https:\/\/www.spainfoodsherpas.com\/sfs\/wp-content\/uploads\/2016\/03\/San-Juan-Festival-500x750.jpg 500w, https:\/\/www.spainfoodsherpas.com\/sfs\/wp-content\/uploads\/2016\/03\/San-Juan-Festival-600x900.jpg 600w, https:\/\/www.spainfoodsherpas.com\/sfs\/wp-content\/uploads\/2016\/03\/San-Juan-Festival.jpg 604w\" data-sizes=\"auto\" data-orig-sizes=\"(max-width: 604px) 100vw, 604px\" \/><p id=\"caption-attachment-4534\" class=\"wp-caption-text\"><span style=\"color: #999999; font-size: 12px;\">Photo: \u00a9 \u00c1rea de Turismo. Ayuntamiento de M\u00e1laga.<\/span><\/p><\/div>\n<h3><strong>MAUS Malaga<\/strong><\/h3>\n<p>Das \u201cM\u00e1laga Arte Urbano Soho\u201d (MAUS M\u00e1laga) Projekt begann 2013 und seitdem feiert es das ganze Jahr \u00fcber verschiedene Aktivit\u00e4ten, ohne festen Termin. Mit dem Fokus auf zeitgen\u00f6ssischer Kunst, ist es sehr zentriert auf urbane Kunst und Graffiti, neue R\u00e4ume zu entdecken und die Bewohner der Gegend, wo es durchgef\u00fchrt wird (ganz in der N\u00e4he des Stadtzentrums), mit einzubeziehen.<\/p>\n<p>Seit der Gr\u00fcndung haben einige der wichtigsten internationalen urbanen K\u00fcnstler bei dieser Initiative mitgemacht wie Obey, Faith46, Dal Osten, Suso 33 oder D * Face und Gruppen wie Boa Mistura und lokale K\u00fcnstler wie Dadi Dreucol. Musik, Tanz, Theater, Fotografie, Malerei oder Skulptur sind Disziplinen, die auch Teil der MAUS Malaga Initiative sind.<\/p>\n<\/div><\/div><\/div><div class=\"fusion-layout-column fusion_builder_column fusion-builder-column-9 fusion_builder_column_1_1 1_1 fusion-flex-column fusion-flex-align-self-flex-start fusion-column-no-min-height\" style=\"--awb-bg-size:cover;--awb-width-large:100%;--awb-margin-top-large:0px;--awb-spacing-right-large:0px;--awb-margin-bottom-large:0px;--awb-spacing-left-large:0px;--awb-width-medium:100%;--awb-spacing-right-medium:0px;--awb-spacing-left-medium:0px;--awb-width-small:100%;--awb-spacing-right-small:0px;--awb-spacing-left-small:0px;\"><div class=\"fusion-column-wrapper fusion-flex-justify-content-flex-start fusion-content-layout-column\"><div class=\"fusion-text fusion-text-10\"><div id=\"attachment_4530\" style=\"width: 614px\" class=\"wp-caption alignnone\"><img decoding=\"async\" aria-describedby=\"caption-attachment-4530\" class=\"lazyload wp-image-4530 size-full\" title=\"MAUS Malaga\" src=\"https:\/\/www.spainfoodsherpas.com\/sfs\/wp-content\/uploads\/2016\/03\/MAUS-Malaga.jpg\" data-orig-src=\"https:\/\/www.spainfoodsherpas.com\/sfs\/wp-content\/uploads\/2016\/03\/MAUS-Malaga.jpg\" alt=\"MAUS Malaga\" width=\"604\" height=\"398\" srcset=\"data:image\/svg+xml,%3Csvg%20xmlns%3D%27http%3A%2F%2Fwww.w3.org%2F2000%2Fsvg%27%20width%3D%27604%27%20height%3D%27398%27%20viewBox%3D%270%200%20604%20398%27%3E%3Crect%20width%3D%27604%27%20height%3D%27398%27%20fill-opacity%3D%220%22%2F%3E%3C%2Fsvg%3E\" data-srcset=\"https:\/\/www.spainfoodsherpas.com\/sfs\/wp-content\/uploads\/2016\/03\/MAUS-Malaga-200x132.jpg 200w, https:\/\/www.spainfoodsherpas.com\/sfs\/wp-content\/uploads\/2016\/03\/MAUS-Malaga-240x158.jpg 240w, https:\/\/www.spainfoodsherpas.com\/sfs\/wp-content\/uploads\/2016\/03\/MAUS-Malaga-300x198.jpg 300w, https:\/\/www.spainfoodsherpas.com\/sfs\/wp-content\/uploads\/2016\/03\/MAUS-Malaga-400x264.jpg 400w, https:\/\/www.spainfoodsherpas.com\/sfs\/wp-content\/uploads\/2016\/03\/MAUS-Malaga-500x329.jpg 500w, https:\/\/www.spainfoodsherpas.com\/sfs\/wp-content\/uploads\/2016\/03\/MAUS-Malaga-600x395.jpg 600w, https:\/\/www.spainfoodsherpas.com\/sfs\/wp-content\/uploads\/2016\/03\/MAUS-Malaga.jpg 604w\" data-sizes=\"auto\" data-orig-sizes=\"(max-width: 604px) 100vw, 604px\" \/><p id=\"caption-attachment-4530\" class=\"wp-caption-text\"><span style=\"color: #999999; font-size: 12px;\">Photo: Nacho S\u00e1nchez<\/span><\/p><\/div>\n<h3><strong>\u201cVirgen del Carmen\u201d Fest<\/strong><\/h3>\n<p>Eines der beliebtesten Feste in Malaga ist das Virgen del CarmenFest, was jeden 16. Juli in der ganzen Stadt gefeiert wird. Es sind jedoch die Stadtteile in der N\u00e4he des Meeres und die mit am meisten Seefahrer-Tradition, die es mit speziell viel Herz feiern: El Palo, Pedregalejo und Huelin. Interessant ist, dass neben dem Tragen der Bilder der Jungfrau durch verschiedene Stra\u00dfen der Nachbarschaft, sie danach immer auf traditionelle \u201ej\u00e1bega\u201c Boote aus Malaga steigen, die ph\u00f6nizischen Ursprungs sind.<\/p>\n<p>In ihnen segnet die Jungfrau das Wasser in einem Moment purer, seem\u00e4nnischer Leidenschaft und Hingabe. Der Moment von gr\u00f6\u00dftem Interesse ist, wenn die Tr\u00e4ger- in traditioneller Kleidung- die Jungfrau Carmen vor Tausenden von Menschen ins Meer tauchen.<\/p>\n<\/div><\/div><\/div><div class=\"fusion-layout-column fusion_builder_column fusion-builder-column-10 fusion_builder_column_1_1 1_1 fusion-flex-column fusion-flex-align-self-flex-start fusion-column-no-min-height\" style=\"--awb-bg-size:cover;--awb-width-large:100%;--awb-margin-top-large:0px;--awb-spacing-right-large:0px;--awb-margin-bottom-large:0px;--awb-spacing-left-large:0px;--awb-width-medium:100%;--awb-spacing-right-medium:0px;--awb-spacing-left-medium:0px;--awb-width-small:100%;--awb-spacing-right-small:0px;--awb-spacing-left-small:0px;\"><div class=\"fusion-column-wrapper fusion-flex-justify-content-flex-start fusion-content-layout-column\"><div class=\"fusion-text fusion-text-11\"><div id=\"attachment_4537\" style=\"width: 614px\" class=\"wp-caption alignnone\"><img decoding=\"async\" aria-describedby=\"caption-attachment-4537\" class=\"lazyload wp-image-4537 size-full\" src=\"https:\/\/www.spainfoodsherpas.com\/sfs\/wp-content\/uploads\/2016\/03\/Virgen-del-Carmen-Festival.jpg\" data-orig-src=\"https:\/\/www.spainfoodsherpas.com\/sfs\/wp-content\/uploads\/2016\/03\/Virgen-del-Carmen-Festival.jpg\" alt=\"Virgen del Carmen Festival\" width=\"604\" height=\"453\" srcset=\"data:image\/svg+xml,%3Csvg%20xmlns%3D%27http%3A%2F%2Fwww.w3.org%2F2000%2Fsvg%27%20width%3D%27604%27%20height%3D%27453%27%20viewBox%3D%270%200%20604%20453%27%3E%3Crect%20width%3D%27604%27%20height%3D%27453%27%20fill-opacity%3D%220%22%2F%3E%3C%2Fsvg%3E\" data-srcset=\"https:\/\/www.spainfoodsherpas.com\/sfs\/wp-content\/uploads\/2016\/03\/Virgen-del-Carmen-Festival-200x150.jpg 200w, https:\/\/www.spainfoodsherpas.com\/sfs\/wp-content\/uploads\/2016\/03\/Virgen-del-Carmen-Festival-240x180.jpg 240w, https:\/\/www.spainfoodsherpas.com\/sfs\/wp-content\/uploads\/2016\/03\/Virgen-del-Carmen-Festival-300x225.jpg 300w, https:\/\/www.spainfoodsherpas.com\/sfs\/wp-content\/uploads\/2016\/03\/Virgen-del-Carmen-Festival-400x300.jpg 400w, https:\/\/www.spainfoodsherpas.com\/sfs\/wp-content\/uploads\/2016\/03\/Virgen-del-Carmen-Festival-500x375.jpg 500w, https:\/\/www.spainfoodsherpas.com\/sfs\/wp-content\/uploads\/2016\/03\/Virgen-del-Carmen-Festival-600x450.jpg 600w, https:\/\/www.spainfoodsherpas.com\/sfs\/wp-content\/uploads\/2016\/03\/Virgen-del-Carmen-Festival.jpg 604w\" data-sizes=\"auto\" data-orig-sizes=\"(max-width: 604px) 100vw, 604px\" \/><p id=\"caption-attachment-4537\" class=\"wp-caption-text\"><span style=\"color: #999999; font-size: 12px;\">Photo: \u00a9 \u00c1rea de Turismo. Ayuntamiento de M\u00e1laga.<\/span><\/p><\/div>\n<h3><strong>Kunstbiennale in Genalguacil<br \/>\n<\/strong><\/h3>\n<p>Genalguacil ist ein h\u00fcbsches, kleines Dorf mit gerade mal 600 Einwohnern im Genal Tal in der Serran\u00eda de Ronda Gebirgskette, hundert Kilometer von Malaga entfernt. Es ist eine Gemeinde die auf Kultur gesetzt hat, bis sie sich zu einem wahren Freilichtmuseum gewandelt hat. Seit 1994 h\u00e4lt es eine <a href=\"http:\/\/www.genalguacil.es\/es\/Arte_y_cultura\/Encuentros_de_Arte\/Presentacion\/\">Kunstbiennale<\/a>, wo verschiedene K\u00fcnstler, die\u00a0 durch das Interesse ihrer kreativen Projekte ausgew\u00e4hlt wurden, dort f\u00fcr 15 Tage zwischen Juli und August wohnen. Im Gegenzug lassen diese einige ihrer Werke im Dorf.<\/p>\n<p>So gibt es derzeit etwa 150 Werke, die sich je nach ihren Eigenschaften auf verschiedenen Stra\u00dfen, Fassaden und D\u00e4chern des Dorfes oder im zeitgen\u00f6ssichen Museum &#8220;Fernando Centeno\u201c verteilt befinden. Genalguacil f\u00fcllt sich alle zwei Jahre mit K\u00fcnstlern im Sommer, aber sie bleiben das ganze Jahr \u00fcber pr\u00e4sent. Und ein Tipp: diese Stadt im Herbst zu besuchen ist ein Fest f\u00fcr die Augen dank der Vielzahl an Farben, die die Kastanienw\u00e4lder der Bergregion in dieser Jahreszeit schm\u00fccken.<\/p>\n<\/div><\/div><\/div><div class=\"fusion-layout-column fusion_builder_column fusion-builder-column-11 fusion_builder_column_1_1 1_1 fusion-flex-column fusion-flex-align-self-flex-start fusion-column-no-min-height\" style=\"--awb-bg-size:cover;--awb-width-large:100%;--awb-margin-top-large:0px;--awb-spacing-right-large:0px;--awb-margin-bottom-large:0px;--awb-spacing-left-large:0px;--awb-width-medium:100%;--awb-spacing-right-medium:0px;--awb-spacing-left-medium:0px;--awb-width-small:100%;--awb-spacing-right-small:0px;--awb-spacing-left-small:0px;\"><div class=\"fusion-column-wrapper fusion-flex-justify-content-flex-start fusion-content-layout-column\"><div class=\"fusion-text fusion-text-12\"><div id=\"attachment_4536\" style=\"width: 614px\" class=\"wp-caption alignnone\"><img decoding=\"async\" aria-describedby=\"caption-attachment-4536\" class=\"lazyload wp-image-4536 size-full\" src=\"https:\/\/www.spainfoodsherpas.com\/sfs\/wp-content\/uploads\/2016\/03\/Two-yearly-Art-Festival-in-Genalguacil.jpg\" data-orig-src=\"https:\/\/www.spainfoodsherpas.com\/sfs\/wp-content\/uploads\/2016\/03\/Two-yearly-Art-Festival-in-Genalguacil.jpg\" alt=\"Two yearly Art Festival in Genalguacil\" width=\"604\" height=\"453\" srcset=\"data:image\/svg+xml,%3Csvg%20xmlns%3D%27http%3A%2F%2Fwww.w3.org%2F2000%2Fsvg%27%20width%3D%27604%27%20height%3D%27453%27%20viewBox%3D%270%200%20604%20453%27%3E%3Crect%20width%3D%27604%27%20height%3D%27453%27%20fill-opacity%3D%220%22%2F%3E%3C%2Fsvg%3E\" data-srcset=\"https:\/\/www.spainfoodsherpas.com\/sfs\/wp-content\/uploads\/2016\/03\/Two-yearly-Art-Festival-in-Genalguacil-200x150.jpg 200w, https:\/\/www.spainfoodsherpas.com\/sfs\/wp-content\/uploads\/2016\/03\/Two-yearly-Art-Festival-in-Genalguacil-240x180.jpg 240w, https:\/\/www.spainfoodsherpas.com\/sfs\/wp-content\/uploads\/2016\/03\/Two-yearly-Art-Festival-in-Genalguacil-300x225.jpg 300w, https:\/\/www.spainfoodsherpas.com\/sfs\/wp-content\/uploads\/2016\/03\/Two-yearly-Art-Festival-in-Genalguacil-400x300.jpg 400w, https:\/\/www.spainfoodsherpas.com\/sfs\/wp-content\/uploads\/2016\/03\/Two-yearly-Art-Festival-in-Genalguacil-500x375.jpg 500w, https:\/\/www.spainfoodsherpas.com\/sfs\/wp-content\/uploads\/2016\/03\/Two-yearly-Art-Festival-in-Genalguacil-600x450.jpg 600w, https:\/\/www.spainfoodsherpas.com\/sfs\/wp-content\/uploads\/2016\/03\/Two-yearly-Art-Festival-in-Genalguacil.jpg 604w\" data-sizes=\"auto\" data-orig-sizes=\"(max-width: 604px) 100vw, 604px\" \/><p id=\"caption-attachment-4536\" class=\"wp-caption-text\"><span style=\"color: #999999; font-size: 12px;\">Photo: Ojo Virtual https:\/\/www.flickr.com\/photos\/ojovirtual\/<\/span><\/p><\/div>\n<h3><strong>CanelaParty<\/strong><\/h3>\n<p>Lassen Sie die Scham zu Hause, verkleiden Sie sich und machen Sie sich bereit das beste Sommerfest Malagas zu genie\u00dfen! Canela Party (Zimt Party) ist schon Tradition und 2016 feiert es seine zehnte Auflage. Jedes Jahr gehen etwa 3.000 Menschen auf diese Party, wo die einzigste Voraussetzung ist, sich so lustig wie m\u00f6glich zu verkleiden und ausserdem gibt es einen Preis f\u00fcr die beste Verkleidung.<\/p>\n<p>Die Veranstaltung ist in erster Linie musikalisch und jedes Jahr spielen einige der interessantesten Bands der Indie-Szene: In diesem Jahr sind bereits Klassiker angek\u00fcndigt wie Airbag und Atenci\u00f3n Tsunami. Doch jenseits der Musik ist es eine Party, die Malaga &#8220;ins globale Epizentrum des Unsinns&#8221; stellt, so die Organisatoren. Wenn Sie einmal gehen, wollen Sie jedes Jahr wiederkommen. Canela Party macht s\u00fcchtig! In August ist Ihre Chance es zu \u00fcberpr\u00fcfen.<\/p>\n<\/div><\/div><\/div><div class=\"fusion-layout-column fusion_builder_column fusion-builder-column-12 fusion_builder_column_1_1 1_1 fusion-flex-column fusion-flex-align-self-flex-start fusion-column-no-min-height\" style=\"--awb-bg-size:cover;--awb-width-large:100%;--awb-margin-top-large:0px;--awb-spacing-right-large:0px;--awb-margin-bottom-large:0px;--awb-spacing-left-large:0px;--awb-width-medium:100%;--awb-spacing-right-medium:0px;--awb-spacing-left-medium:0px;--awb-width-small:100%;--awb-spacing-right-small:0px;--awb-spacing-left-small:0px;\"><div class=\"fusion-column-wrapper fusion-flex-justify-content-flex-start fusion-content-layout-column\"><div class=\"fusion-text fusion-text-13\"><div id=\"attachment_4519\" style=\"width: 614px\" class=\"wp-caption alignnone\"><img decoding=\"async\" aria-describedby=\"caption-attachment-4519\" class=\"lazyload wp-image-4519 size-full\" title=\"Canela Party\" src=\"https:\/\/www.spainfoodsherpas.com\/sfs\/wp-content\/uploads\/2016\/03\/CanelaParty.jpg\" data-orig-src=\"https:\/\/www.spainfoodsherpas.com\/sfs\/wp-content\/uploads\/2016\/03\/CanelaParty.jpg\" alt=\"CanelaParty\" width=\"604\" height=\"402\" srcset=\"data:image\/svg+xml,%3Csvg%20xmlns%3D%27http%3A%2F%2Fwww.w3.org%2F2000%2Fsvg%27%20width%3D%27604%27%20height%3D%27402%27%20viewBox%3D%270%200%20604%20402%27%3E%3Crect%20width%3D%27604%27%20height%3D%27402%27%20fill-opacity%3D%220%22%2F%3E%3C%2Fsvg%3E\" data-srcset=\"https:\/\/www.spainfoodsherpas.com\/sfs\/wp-content\/uploads\/2016\/03\/CanelaParty-200x133.jpg 200w, https:\/\/www.spainfoodsherpas.com\/sfs\/wp-content\/uploads\/2016\/03\/CanelaParty-240x160.jpg 240w, https:\/\/www.spainfoodsherpas.com\/sfs\/wp-content\/uploads\/2016\/03\/CanelaParty-300x200.jpg 300w, https:\/\/www.spainfoodsherpas.com\/sfs\/wp-content\/uploads\/2016\/03\/CanelaParty-400x266.jpg 400w, https:\/\/www.spainfoodsherpas.com\/sfs\/wp-content\/uploads\/2016\/03\/CanelaParty-500x333.jpg 500w, https:\/\/www.spainfoodsherpas.com\/sfs\/wp-content\/uploads\/2016\/03\/CanelaParty-600x399.jpg 600w, https:\/\/www.spainfoodsherpas.com\/sfs\/wp-content\/uploads\/2016\/03\/CanelaParty.jpg 604w\" data-sizes=\"auto\" data-orig-sizes=\"(max-width: 604px) 100vw, 604px\" \/><p id=\"caption-attachment-4519\" class=\"wp-caption-text\"><span style=\"color: #999999; font-size: 12px;\">Photo: Beto PF<\/span><\/p><\/div>\n<h3><strong>Folksfest M\u00e1laga<br \/>\n<\/strong><\/h3>\n<p>\u201eLa Feria de M\u00e1laga\u201c ist DIE Party schlechthin. Sie entstand in Erinnerung an die Einnahme der Stadt durch die katholischen K\u00f6nige im Jahre 1487, als Malaga in die kastilische Krone aufgenommen wurde. In 1491 wurde diese Feier dann auch zum ersten Mal zelebriert. Heute ist es eine offene und kosmopolitische Party, zu der jedes Jahr Millionen von Menschen kommen.<\/p>\n<p>Es wird in die \u201eferia del d\u00eda\u201c und die \u201eferia de noche\u201c unterteilt: die Feier am Tag findet sowohl im historischen Zentrum der Stadt, als auch auf dem \u201eCortijo de Torres\u201c statt, wo die so genannten \u201ecasetas\u201c-St\u00e4nde aufgebaut sind, welche traditionelle Musik spielen und beliebte, lokale K\u00fcche anbieten; w\u00e4hrend der Nacht wird auch im Cortijo de Torres gefeiert, wo die so genannte \u201ePortada de la Feria\u201c aufgebaut wird, die als Eingang zu diesem Fest dient und immer ein Geb\u00e4ude von Interesse der Stadt darstellt. 2018 wird Malagas Volksfest vom 11. bis 18. August gefeiert und beginnt mit der Er\u00f6ffnungsrede von einer bekannten Pers\u00f6nlichkeit und einem wunderbaren Feuerwerk.<\/p>\n<\/div><\/div><\/div><div class=\"fusion-layout-column fusion_builder_column fusion-builder-column-13 fusion_builder_column_1_1 1_1 fusion-flex-column fusion-flex-align-self-flex-start fusion-column-no-min-height\" style=\"--awb-bg-size:cover;--awb-width-large:100%;--awb-margin-top-large:0px;--awb-spacing-right-large:0px;--awb-margin-bottom-large:0px;--awb-spacing-left-large:0px;--awb-width-medium:100%;--awb-spacing-right-medium:0px;--awb-spacing-left-medium:0px;--awb-width-small:100%;--awb-spacing-right-small:0px;--awb-spacing-left-small:0px;\"><div class=\"fusion-column-wrapper fusion-flex-justify-content-flex-start fusion-content-layout-column\"><div class=\"fusion-text fusion-text-14\"><div id=\"attachment_4523\" style=\"width: 614px\" class=\"wp-caption alignnone\"><img decoding=\"async\" aria-describedby=\"caption-attachment-4523\" class=\"lazyload wp-image-4523 size-full\" title=\"feria malaga\" src=\"https:\/\/www.spainfoodsherpas.com\/sfs\/wp-content\/uploads\/2016\/03\/feria-malaga.jpg\" data-orig-src=\"https:\/\/www.spainfoodsherpas.com\/sfs\/wp-content\/uploads\/2016\/03\/feria-malaga.jpg\" alt=\"feria malaga\" width=\"604\" height=\"402\" srcset=\"data:image\/svg+xml,%3Csvg%20xmlns%3D%27http%3A%2F%2Fwww.w3.org%2F2000%2Fsvg%27%20width%3D%27604%27%20height%3D%27402%27%20viewBox%3D%270%200%20604%20402%27%3E%3Crect%20width%3D%27604%27%20height%3D%27402%27%20fill-opacity%3D%220%22%2F%3E%3C%2Fsvg%3E\" data-srcset=\"https:\/\/www.spainfoodsherpas.com\/sfs\/wp-content\/uploads\/2016\/03\/feria-malaga-200x133.jpg 200w, https:\/\/www.spainfoodsherpas.com\/sfs\/wp-content\/uploads\/2016\/03\/feria-malaga-240x160.jpg 240w, https:\/\/www.spainfoodsherpas.com\/sfs\/wp-content\/uploads\/2016\/03\/feria-malaga-300x200.jpg 300w, https:\/\/www.spainfoodsherpas.com\/sfs\/wp-content\/uploads\/2016\/03\/feria-malaga-400x266.jpg 400w, https:\/\/www.spainfoodsherpas.com\/sfs\/wp-content\/uploads\/2016\/03\/feria-malaga-500x333.jpg 500w, https:\/\/www.spainfoodsherpas.com\/sfs\/wp-content\/uploads\/2016\/03\/feria-malaga-600x399.jpg 600w, https:\/\/www.spainfoodsherpas.com\/sfs\/wp-content\/uploads\/2016\/03\/feria-malaga.jpg 604w\" data-sizes=\"auto\" data-orig-sizes=\"(max-width: 604px) 100vw, 604px\" \/><p id=\"caption-attachment-4523\" class=\"wp-caption-text\"><span style=\"color: #999999; font-size: 12px;\">Photo: \u00a9 \u00c1rea de Turismo. Ayuntamiento de M\u00e1laga.<\/span><\/p><\/div>\n<h3><strong>Starlite Marbella<\/strong><\/h3>\n<p>Marbella beherbergt eines der wichtigsten Ereignisse des Sommer- das <a href=\"http:\/\/starlitemarbella.com\/en\/home\/\" target=\"_blank\" rel=\"noopener\">Starlite Festival<\/a>. An der ber\u00fchmten Costa del Sol und in einem nat\u00fcrlichen Amphitheater umgeben von Gr\u00fcn, kann das Publikum einen Monat lang Konzerte von einigen der besten Stimmen auf dem Planeten genie\u00dfen. Lenny Kravitz, Bryan Adams, Placido Domingo, Andrea Bocelli, Ricky Martin, Tom Jones, Paco de Lucia und Julio Iglesias waren bereits auf dieser B\u00fchne.<\/p>\n<p>Neben der Musik gibt es Filme, Gastronomie, Kunst und Mode; sowie eine Charity-Gala unter dem Vorsitz eines au\u00dfergew\u00f6hnlichen Gastgebers: Antonio Banderas. Weniger als 10 Kilometer von Marbella entfernt und in einer wundersch\u00f6nen Umgebung wird das \u201eOjeando Festival\u201c gefeiert, eines der typischsten Indie-Musik Feste Spaniens. Es findet in Oj\u00e9n statt und ist ein lustige Option um die besten nationalen Bands zu h\u00f6ren.<\/p>\n<\/div><\/div><\/div><div class=\"fusion-layout-column fusion_builder_column fusion-builder-column-14 fusion_builder_column_1_1 1_1 fusion-flex-column fusion-flex-align-self-flex-start fusion-column-no-min-height\" style=\"--awb-bg-size:cover;--awb-width-large:100%;--awb-margin-top-large:0px;--awb-spacing-right-large:0px;--awb-margin-bottom-large:0px;--awb-spacing-left-large:0px;--awb-width-medium:100%;--awb-spacing-right-medium:0px;--awb-spacing-left-medium:0px;--awb-width-small:100%;--awb-spacing-right-small:0px;--awb-spacing-left-small:0px;\"><div class=\"fusion-column-wrapper fusion-flex-justify-content-flex-start fusion-content-layout-column\"><div class=\"fusion-text fusion-text-15\"><div id=\"attachment_4535\" style=\"width: 614px\" class=\"wp-caption alignnone\"><img decoding=\"async\" aria-describedby=\"caption-attachment-4535\" class=\"lazyload wp-image-4535 size-full\" title=\"starlite marbella\" src=\"https:\/\/www.spainfoodsherpas.com\/sfs\/wp-content\/uploads\/2016\/03\/starlite-marbella.png\" data-orig-src=\"https:\/\/www.spainfoodsherpas.com\/sfs\/wp-content\/uploads\/2016\/03\/starlite-marbella.png\" alt=\"starlite marbella\" width=\"604\" height=\"401\" srcset=\"data:image\/svg+xml,%3Csvg%20xmlns%3D%27http%3A%2F%2Fwww.w3.org%2F2000%2Fsvg%27%20width%3D%27604%27%20height%3D%27401%27%20viewBox%3D%270%200%20604%20401%27%3E%3Crect%20width%3D%27604%27%20height%3D%27401%27%20fill-opacity%3D%220%22%2F%3E%3C%2Fsvg%3E\" data-srcset=\"https:\/\/www.spainfoodsherpas.com\/sfs\/wp-content\/uploads\/2016\/03\/starlite-marbella-200x133.png 200w, https:\/\/www.spainfoodsherpas.com\/sfs\/wp-content\/uploads\/2016\/03\/starlite-marbella-240x159.png 240w, https:\/\/www.spainfoodsherpas.com\/sfs\/wp-content\/uploads\/2016\/03\/starlite-marbella-300x199.png 300w, https:\/\/www.spainfoodsherpas.com\/sfs\/wp-content\/uploads\/2016\/03\/starlite-marbella-400x266.png 400w, https:\/\/www.spainfoodsherpas.com\/sfs\/wp-content\/uploads\/2016\/03\/starlite-marbella-500x332.png 500w, https:\/\/www.spainfoodsherpas.com\/sfs\/wp-content\/uploads\/2016\/03\/starlite-marbella-600x398.png 600w, https:\/\/www.spainfoodsherpas.com\/sfs\/wp-content\/uploads\/2016\/03\/starlite-marbella.png 604w\" data-sizes=\"auto\" data-orig-sizes=\"(max-width: 604px) 100vw, 604px\" \/><p id=\"caption-attachment-4535\" class=\"wp-caption-text\"><span style=\"color: #999999; font-size: 12px;\">Photo: Starlite Marbella<\/span><\/p><\/div>\n<h3><strong>Wein-Nacht in C\u00f3mpeta<\/strong><\/h3>\n<p>Jeden 15. August feiert das sch\u00f6ne Dorf C\u00f3mpeta eines der lustigsten Festivals der Provinz: die Wein-Nacht, die in diesem Jahr ihre 43. Jubil\u00e4um feiert. Der Tag beginnt mit dem Stampfen der Trauben (\u201epis\u00e1\u201c), wo mehrere Weinleser in traditioneller Kleidung in einer Prozession zum \u201ePlaza de la Vendimia\u201c Platz kommen, um die altert\u00fcmliche Weise der Saftgewinnung zu zeigen. Danach genie\u00dfen Nachbarn und Touristen die leckeren \u201eMigas\u201c mit Kabeljau, \u201eArriera Salat\u201c und Trauben, sowie 1.500 Liter Muskateller Wein. All dies gew\u00fcrzt mit dem Klang von \u201eVerdiales\u201c Musik, Volksmusik aus Malaga, die auf dem Weg ist, immaterielles Kulturerbe der UNESCO zu werden.<\/p>\n<p>Obwohl das Fest ihre religi\u00f6se Seite hat- den Schutzpatron C\u00f3mpetas zu ehren damit die Weinlese gut verl\u00e4uft- ist ihr Ursprung sehr alt, da es zu Beginn jeder Sommersaison gefeiert wurde, um die Traubenpfl\u00fccker zu verabschieden. Die Trauben und der Wein sind auch die Protagonisten von anderen Festivals in der Provinz Malagas im Sp\u00e4tsommer, wie zum Beispiel der Tag der Rosine (El Borge), das Fest der Traubenernte (Mollina) oder der Muskateller Trauben Tag (Iznate ).<\/p>\n<\/div><\/div><\/div><div class=\"fusion-layout-column fusion_builder_column fusion-builder-column-15 fusion_builder_column_1_1 1_1 fusion-flex-column fusion-flex-align-self-flex-start fusion-column-no-min-height\" style=\"--awb-bg-size:cover;--awb-width-large:100%;--awb-margin-top-large:0px;--awb-spacing-right-large:0px;--awb-margin-bottom-large:0px;--awb-spacing-left-large:0px;--awb-width-medium:100%;--awb-spacing-right-medium:0px;--awb-spacing-left-medium:0px;--awb-width-small:100%;--awb-spacing-right-small:0px;--awb-spacing-left-small:0px;\"><div class=\"fusion-column-wrapper fusion-flex-justify-content-flex-start fusion-content-layout-column\"><div class=\"fusion-text fusion-text-16\"><div id=\"attachment_4531\" style=\"width: 614px\" class=\"wp-caption alignnone\"><img decoding=\"async\" aria-describedby=\"caption-attachment-4531\" class=\"lazyload wp-image-4531 size-full\" title=\"night of wine competa\" src=\"https:\/\/www.spainfoodsherpas.com\/sfs\/wp-content\/uploads\/2016\/03\/Night-of-the-Wine-in-Competa.jpg\" data-orig-src=\"https:\/\/www.spainfoodsherpas.com\/sfs\/wp-content\/uploads\/2016\/03\/Night-of-the-Wine-in-Competa.jpg\" alt=\"Night of the Wine in Competa\" width=\"604\" height=\"403\" srcset=\"data:image\/svg+xml,%3Csvg%20xmlns%3D%27http%3A%2F%2Fwww.w3.org%2F2000%2Fsvg%27%20width%3D%27604%27%20height%3D%27403%27%20viewBox%3D%270%200%20604%20403%27%3E%3Crect%20width%3D%27604%27%20height%3D%27403%27%20fill-opacity%3D%220%22%2F%3E%3C%2Fsvg%3E\" data-srcset=\"https:\/\/www.spainfoodsherpas.com\/sfs\/wp-content\/uploads\/2016\/03\/Night-of-the-Wine-in-Competa-200x133.jpg 200w, https:\/\/www.spainfoodsherpas.com\/sfs\/wp-content\/uploads\/2016\/03\/Night-of-the-Wine-in-Competa-240x160.jpg 240w, https:\/\/www.spainfoodsherpas.com\/sfs\/wp-content\/uploads\/2016\/03\/Night-of-the-Wine-in-Competa-300x200.jpg 300w, https:\/\/www.spainfoodsherpas.com\/sfs\/wp-content\/uploads\/2016\/03\/Night-of-the-Wine-in-Competa-400x267.jpg 400w, https:\/\/www.spainfoodsherpas.com\/sfs\/wp-content\/uploads\/2016\/03\/Night-of-the-Wine-in-Competa-500x334.jpg 500w, https:\/\/www.spainfoodsherpas.com\/sfs\/wp-content\/uploads\/2016\/03\/Night-of-the-Wine-in-Competa-600x400.jpg 600w, https:\/\/www.spainfoodsherpas.com\/sfs\/wp-content\/uploads\/2016\/03\/Night-of-the-Wine-in-Competa.jpg 604w\" data-sizes=\"auto\" data-orig-sizes=\"(max-width: 604px) 100vw, 604px\" \/><p id=\"caption-attachment-4531\" class=\"wp-caption-text\"><span style=\"color: #999999; font-size: 12px;\">Photo: Ayuntamiento de C\u00f3mpeta<\/span><\/p><\/div>\n<h3><strong>Picassian Oktober<\/strong><\/h3>\n<p>Die Stadt Malaga w\u00fcrdigt Pablo Picasso das ganze Jahr \u00fcber, aber im Oktober bem\u00fcht sie sich ganz besonders. Seit fast vier Jahrzehnten wird der sogenannte Picasso-Oktober gefeiert, wo Institutionen besondere Aktivit\u00e4ten organisieren um die Geburt des gro\u00dfartigen Malers aus Malaga zu feiern, der in Oktober 2018 sein 138. Jubil\u00e4um feiert.<\/p>\n<p>Sowohl das Geburtshaus von Picasso, das sich f\u00fcr die Gelegenheit festlich schm\u00fcckt, als auch das Picasso Museum werden die kulturellen, zentralen Achsen Malagas im Oktober. Ausstellungen, Theater, didaktische Workshops, Buchpr\u00e4sentationen , auf den Spuren Picassos in F\u00fchrungen durch die Hauptstadt oder Konzerte sind nur einige der Vorschl\u00e4ge, die jedes Jahr genossen werden k\u00f6nnen. Eine wunderbare und unterhaltsame Art und Weise mehr \u00fcber das Leben und die Werke des K\u00fcnstlers zu erfahren, der nur ein paar Jahre seiner Kindheit in Malaga verbrachte, aber tiefe Spuren in der Stadt hinterlassen hat.<\/p>\n<\/div><\/div><\/div><div class=\"fusion-layout-column fusion_builder_column fusion-builder-column-16 fusion_builder_column_1_1 1_1 fusion-flex-column fusion-flex-align-self-flex-start fusion-column-no-min-height\" style=\"--awb-bg-size:cover;--awb-width-large:100%;--awb-margin-top-large:0px;--awb-spacing-right-large:0px;--awb-margin-bottom-large:0px;--awb-spacing-left-large:0px;--awb-width-medium:100%;--awb-spacing-right-medium:0px;--awb-spacing-left-medium:0px;--awb-width-small:100%;--awb-spacing-right-small:0px;--awb-spacing-left-small:0px;\"><div class=\"fusion-column-wrapper fusion-flex-justify-content-flex-start fusion-content-layout-column\"><div class=\"fusion-text fusion-text-17\"><div id=\"attachment_4524\" style=\"width: 614px\" class=\"wp-caption alignnone\"><img decoding=\"async\" aria-describedby=\"caption-attachment-4524\" class=\"lazyload wp-image-4524 size-full\" title=\"casa natal Picasso\" src=\"https:\/\/www.spainfoodsherpas.com\/sfs\/wp-content\/uploads\/2016\/03\/Fundacion-Museo-Casa-Natal-pablo-Ruiz-Picasso-min.jpg\" data-orig-src=\"https:\/\/www.spainfoodsherpas.com\/sfs\/wp-content\/uploads\/2016\/03\/Fundacion-Museo-Casa-Natal-pablo-Ruiz-Picasso-min.jpg\" alt=\"Fundacion Museo Casa Natal pablo Ruiz Picasso\" width=\"604\" height=\"906\" srcset=\"data:image\/svg+xml,%3Csvg%20xmlns%3D%27http%3A%2F%2Fwww.w3.org%2F2000%2Fsvg%27%20width%3D%27604%27%20height%3D%27906%27%20viewBox%3D%270%200%20604%20906%27%3E%3Crect%20width%3D%27604%27%20height%3D%27906%27%20fill-opacity%3D%220%22%2F%3E%3C%2Fsvg%3E\" data-srcset=\"https:\/\/www.spainfoodsherpas.com\/sfs\/wp-content\/uploads\/2016\/03\/Fundacion-Museo-Casa-Natal-pablo-Ruiz-Picasso-min-200x300.jpg 200w, https:\/\/www.spainfoodsherpas.com\/sfs\/wp-content\/uploads\/2016\/03\/Fundacion-Museo-Casa-Natal-pablo-Ruiz-Picasso-min-240x360.jpg 240w, https:\/\/www.spainfoodsherpas.com\/sfs\/wp-content\/uploads\/2016\/03\/Fundacion-Museo-Casa-Natal-pablo-Ruiz-Picasso-min-400x600.jpg 400w, https:\/\/www.spainfoodsherpas.com\/sfs\/wp-content\/uploads\/2016\/03\/Fundacion-Museo-Casa-Natal-pablo-Ruiz-Picasso-min-500x750.jpg 500w, https:\/\/www.spainfoodsherpas.com\/sfs\/wp-content\/uploads\/2016\/03\/Fundacion-Museo-Casa-Natal-pablo-Ruiz-Picasso-min-600x900.jpg 600w, https:\/\/www.spainfoodsherpas.com\/sfs\/wp-content\/uploads\/2016\/03\/Fundacion-Museo-Casa-Natal-pablo-Ruiz-Picasso-min.jpg 604w\" data-sizes=\"auto\" data-orig-sizes=\"(max-width: 604px) 100vw, 604px\" \/><p id=\"caption-attachment-4524\" class=\"wp-caption-text\"><span style=\"color: #999999; font-size: 12px;\">Photo: Fundaci\u00f3n Picasso M\u00e1laga | Casa Natal. Ayuntamiento de M\u00e1laga<\/span><\/p><\/div>\n<h3><strong>Tapa Tour<\/strong><\/h3>\n<p>Bis zu 25 Restaurants und Bars nehmen bei der Exquisita Victoria Route Malaga im Zentrum der Stadt teil, die ihre 7 Auflage 2018 zwischen Ende Oktober und Anfang November feiert. Dies ist eine Tour, wo Sie einige der besten Tapas der Hauptstadt mit einem \u201eF\u00fcnftel\u201c Victoria Bier f\u00fcr nur 2,5\u20ac verkosten k\u00f6nnen. Es findet im November statt und ist eine Veranstaltung die jedes Mal mehr Fans hat. Eine einmalige Gelegenheit die traditionelle und moderne K\u00fcche Malagas mit ihren lokalen Produkten in einigen der interessantesten Einrichtungen zu entdecken.<\/p>\n<blockquote>\n<p>Bis Oktober, w\u00e4hrend Sie in Malaga sind, k\u00f6nnten Sie auch an einer unserer Food Touren teilzunehmen! Unsere <a href=\"https:\/\/www.spainfoodsherpas.com\/de\/malaga-tours\/\">Tapas Touren in Malaga<\/a> f\u00fchren Sie an wunderbaren Sehensw\u00fcrdigkeiten vorbei, enth\u00fcllt aber auch<br \/>\nviele regionale, kulinarische Spezialit\u00e4ten und die wunderbare Welt der Weine Malagas.<\/p>\n<\/blockquote>\n<h3><strong>Jazz Festival<\/strong><\/h3>\n<p>Der November ist ein Synonym f\u00fcr Jazz in Malaga. Seit drei Jahrzehnten besuchen die wichtigsten nationalen K\u00fcnstler des Genres und eine interessante Liste internationalen Interpreten das Jazz Festival von Malaga. Al di Meola, Jerry Gonzalez, Dayna Kurtz, Kenny Garret, Lou Donaldson, Chano Dominguez und Carmen Paris sind einige Beispiele f\u00fcr die in den neuesten Ausgaben des Festivals geplanten Konzerte.<\/p>\n<p>Diese ereignen sich vor allem im Cervantes und Echegaray Theater, aber in letzter Zeit gibt es auch andere B\u00fchnen, die dazu beitragen, dass ganz Malaga Jazz atmet. So wird dieser Musikstil an Orten mit wie der Plaza de la Merced oder Muelle Uno gespielt, aber\u00a0 auch in verschiedenen speziellen Bars. Dar\u00fcber hinaus sind Ausstellungen, Buchpr\u00e4sentationen, Tagungen, Amateurvorf\u00fchrungen und Ausstrahlungen von Filmen geplant.<\/p>\n<\/div><\/div><\/div><div class=\"fusion-layout-column fusion_builder_column fusion-builder-column-17 fusion_builder_column_1_1 1_1 fusion-flex-column fusion-flex-align-self-flex-start fusion-column-no-min-height\" style=\"--awb-bg-size:cover;--awb-width-large:100%;--awb-margin-top-large:0px;--awb-spacing-right-large:0px;--awb-margin-bottom-large:0px;--awb-spacing-left-large:0px;--awb-width-medium:100%;--awb-spacing-right-medium:0px;--awb-spacing-left-medium:0px;--awb-width-small:100%;--awb-spacing-right-small:0px;--awb-spacing-left-small:0px;\"><div class=\"fusion-column-wrapper fusion-flex-justify-content-flex-start fusion-content-layout-column\"><div class=\"fusion-text fusion-text-18\"><div id=\"attachment_4522\" style=\"width: 614px\" class=\"wp-caption alignnone\"><img decoding=\"async\" aria-describedby=\"caption-attachment-4522\" class=\"lazyload wp-image-4522 size-full\" src=\"https:\/\/www.spainfoodsherpas.com\/sfs\/wp-content\/uploads\/2016\/03\/Esperanza-Spalding.jpg\" data-orig-src=\"https:\/\/www.spainfoodsherpas.com\/sfs\/wp-content\/uploads\/2016\/03\/Esperanza-Spalding.jpg\" alt=\"Esperanza Spalding\" width=\"604\" height=\"402\" srcset=\"data:image\/svg+xml,%3Csvg%20xmlns%3D%27http%3A%2F%2Fwww.w3.org%2F2000%2Fsvg%27%20width%3D%27604%27%20height%3D%27402%27%20viewBox%3D%270%200%20604%20402%27%3E%3Crect%20width%3D%27604%27%20height%3D%27402%27%20fill-opacity%3D%220%22%2F%3E%3C%2Fsvg%3E\" data-srcset=\"https:\/\/www.spainfoodsherpas.com\/sfs\/wp-content\/uploads\/2016\/03\/Esperanza-Spalding-200x133.jpg 200w, https:\/\/www.spainfoodsherpas.com\/sfs\/wp-content\/uploads\/2016\/03\/Esperanza-Spalding-240x160.jpg 240w, https:\/\/www.spainfoodsherpas.com\/sfs\/wp-content\/uploads\/2016\/03\/Esperanza-Spalding-300x200.jpg 300w, https:\/\/www.spainfoodsherpas.com\/sfs\/wp-content\/uploads\/2016\/03\/Esperanza-Spalding-400x266.jpg 400w, https:\/\/www.spainfoodsherpas.com\/sfs\/wp-content\/uploads\/2016\/03\/Esperanza-Spalding-500x333.jpg 500w, https:\/\/www.spainfoodsherpas.com\/sfs\/wp-content\/uploads\/2016\/03\/Esperanza-Spalding-600x399.jpg 600w, https:\/\/www.spainfoodsherpas.com\/sfs\/wp-content\/uploads\/2016\/03\/Esperanza-Spalding.jpg 604w\" data-sizes=\"auto\" data-orig-sizes=\"(max-width: 604px) 100vw, 604px\" \/><p id=\"caption-attachment-4522\" class=\"wp-caption-text\"><span style=\"color: #999999; font-size: 12px;\">Photo: Daniel P\u00e9rez \/ Teatro Cervantes<\/span><\/p><\/div>\n<h3><strong>Malaga Marathon<\/strong><\/h3>\n<p>Malaga bietet eines der besten Klimas weltweit. Es ist so gut, dass jedes Jahr rund 320 Sonnentage hat. Viele von ihnen machen die Winter hier sehr mild und somit ideal f\u00fcr Spazierg\u00e4nge und um Kultur, Unterhaltung und lokale K\u00fcche zu geniessen. Aber auch um Sport zu machen: deswegen wird der Malaga Marathon einer der Favoriten f\u00fcr die L\u00e4ufer aus Spanien und des gesamten europ\u00e4ischen Kontinentens, die es als eine perfekte Gelegenheit sehen ihren Lieblingssport zu treiben.<\/p>\n<p>Und nat\u00fcrlich nebenbei eine der attraktivsten touristischen Destinationen im S\u00fcden Europas kennenzulernen. In\u00a0 Dezember wird die 8 Edition des Rennens gefeiert an der rund 4.000 L\u00e4ufer teilnehmen d\u00fcrften. Ein perfektes Datum \u00fcbrigends auch, um den Constituci\u00f3n Br\u00fcckentag zu genie\u00dfen.<\/p>\n<\/div><\/div><\/div><div class=\"fusion-layout-column fusion_builder_column fusion-builder-column-18 fusion_builder_column_1_1 1_1 fusion-flex-column fusion-flex-align-self-flex-start fusion-column-no-min-height\" style=\"--awb-bg-size:cover;--awb-width-large:100%;--awb-margin-top-large:0px;--awb-spacing-right-large:0px;--awb-margin-bottom-large:0px;--awb-spacing-left-large:0px;--awb-width-medium:100%;--awb-spacing-right-medium:0px;--awb-spacing-left-medium:0px;--awb-width-small:100%;--awb-spacing-right-small:0px;--awb-spacing-left-small:0px;\"><div class=\"fusion-column-wrapper fusion-flex-justify-content-flex-start fusion-content-layout-column\"><div class=\"fusion-text fusion-text-19\"><div id=\"attachment_4529\" style=\"width: 614px\" class=\"wp-caption alignnone\"><img decoding=\"async\" aria-describedby=\"caption-attachment-4529\" class=\"lazyload wp-image-4529 size-full\" src=\"https:\/\/www.spainfoodsherpas.com\/sfs\/wp-content\/uploads\/2016\/03\/Malaga-Marathon.jpg\" data-orig-src=\"https:\/\/www.spainfoodsherpas.com\/sfs\/wp-content\/uploads\/2016\/03\/Malaga-Marathon.jpg\" alt=\"Malaga Marathon\" width=\"604\" height=\"402\" srcset=\"data:image\/svg+xml,%3Csvg%20xmlns%3D%27http%3A%2F%2Fwww.w3.org%2F2000%2Fsvg%27%20width%3D%27604%27%20height%3D%27402%27%20viewBox%3D%270%200%20604%20402%27%3E%3Crect%20width%3D%27604%27%20height%3D%27402%27%20fill-opacity%3D%220%22%2F%3E%3C%2Fsvg%3E\" data-srcset=\"https:\/\/www.spainfoodsherpas.com\/sfs\/wp-content\/uploads\/2016\/03\/Malaga-Marathon-200x133.jpg 200w, https:\/\/www.spainfoodsherpas.com\/sfs\/wp-content\/uploads\/2016\/03\/Malaga-Marathon-240x160.jpg 240w, https:\/\/www.spainfoodsherpas.com\/sfs\/wp-content\/uploads\/2016\/03\/Malaga-Marathon-300x200.jpg 300w, https:\/\/www.spainfoodsherpas.com\/sfs\/wp-content\/uploads\/2016\/03\/Malaga-Marathon-400x266.jpg 400w, https:\/\/www.spainfoodsherpas.com\/sfs\/wp-content\/uploads\/2016\/03\/Malaga-Marathon-500x333.jpg 500w, https:\/\/www.spainfoodsherpas.com\/sfs\/wp-content\/uploads\/2016\/03\/Malaga-Marathon-600x399.jpg 600w, https:\/\/www.spainfoodsherpas.com\/sfs\/wp-content\/uploads\/2016\/03\/Malaga-Marathon.jpg 604w\" data-sizes=\"auto\" data-orig-sizes=\"(max-width: 604px) 100vw, 604px\" \/><p id=\"caption-attachment-4529\" class=\"wp-caption-text\"><span style=\"color: #999999; font-size: 12px;\">Photo: Sportograf<\/span><\/p><\/div>\n<h3><strong>Weihnachtsbeleuchtung<\/strong><\/h3>\n<p>Die Weihnachtsbeleuchtung in Malaga hat sich zu einer landesweiten Referenz entwickelt und das traditionelle \u201eerste Anschalten\u201c ist ein wichtiges Ereignis f\u00fcr die Stadt geworden. Von Ende November bis zum 6. Januar werden die Hauptstra\u00dfen mit Tausenden von Gl\u00fchbirnen beleuchtet, die sch\u00f6ne festliche Motive darstellen.<\/p>\n<p>Allerdings ist der wichtigste und speziellste Ort die Larios Strasse, welche immer die kreativste Beleuchtung erh\u00e4lt und somit Tausende von Menschen aus dem ganzen Land anzieht um diese Tage in Malaga zu genie\u00dfen. Die Haupt-Einkaufsstrasse hat eine gro\u00dfartige, festliche Atmosph\u00e4re w\u00e4hrend der Weihnachtszeit, sowie der nahe gelegenen Paseo del Parque Park, wo viele verschiedene St\u00e4nde aufgestellt werden um das perfekte Geschenk zu finden.<\/p>\n<\/div><\/div><\/div><div class=\"fusion-layout-column fusion_builder_column fusion-builder-column-19 fusion_builder_column_1_1 1_1 fusion-flex-column fusion-flex-align-self-flex-start fusion-column-no-min-height\" style=\"--awb-bg-size:cover;--awb-width-large:100%;--awb-margin-top-large:0px;--awb-spacing-right-large:0px;--awb-margin-bottom-large:0px;--awb-spacing-left-large:0px;--awb-width-medium:100%;--awb-spacing-right-medium:0px;--awb-spacing-left-medium:0px;--awb-width-small:100%;--awb-spacing-right-small:0px;--awb-spacing-left-small:0px;\"><div class=\"fusion-column-wrapper fusion-flex-justify-content-flex-start fusion-content-layout-column\"><div class=\"fusion-text fusion-text-20\"><div id=\"attachment_4520\" style=\"width: 614px\" class=\"wp-caption alignnone\"><img decoding=\"async\" aria-describedby=\"caption-attachment-4520\" class=\"lazyload wp-image-4520 size-full\" title=\"Christmas Lights malaga\" src=\"https:\/\/www.spainfoodsherpas.com\/sfs\/wp-content\/uploads\/2016\/03\/Christmas-Lights.jpg\" data-orig-src=\"https:\/\/www.spainfoodsherpas.com\/sfs\/wp-content\/uploads\/2016\/03\/Christmas-Lights.jpg\" alt=\"Christmas Lights malaga\" width=\"604\" height=\"402\" srcset=\"data:image\/svg+xml,%3Csvg%20xmlns%3D%27http%3A%2F%2Fwww.w3.org%2F2000%2Fsvg%27%20width%3D%27604%27%20height%3D%27402%27%20viewBox%3D%270%200%20604%20402%27%3E%3Crect%20width%3D%27604%27%20height%3D%27402%27%20fill-opacity%3D%220%22%2F%3E%3C%2Fsvg%3E\" data-srcset=\"https:\/\/www.spainfoodsherpas.com\/sfs\/wp-content\/uploads\/2016\/03\/Christmas-Lights-200x133.jpg 200w, https:\/\/www.spainfoodsherpas.com\/sfs\/wp-content\/uploads\/2016\/03\/Christmas-Lights-240x160.jpg 240w, https:\/\/www.spainfoodsherpas.com\/sfs\/wp-content\/uploads\/2016\/03\/Christmas-Lights-300x200.jpg 300w, https:\/\/www.spainfoodsherpas.com\/sfs\/wp-content\/uploads\/2016\/03\/Christmas-Lights-400x266.jpg 400w, https:\/\/www.spainfoodsherpas.com\/sfs\/wp-content\/uploads\/2016\/03\/Christmas-Lights-500x333.jpg 500w, https:\/\/www.spainfoodsherpas.com\/sfs\/wp-content\/uploads\/2016\/03\/Christmas-Lights-600x399.jpg 600w, https:\/\/www.spainfoodsherpas.com\/sfs\/wp-content\/uploads\/2016\/03\/Christmas-Lights.jpg 604w\" data-sizes=\"auto\" data-orig-sizes=\"(max-width: 604px) 100vw, 604px\" \/><p id=\"caption-attachment-4520\" class=\"wp-caption-text\"><span style=\"color: #999999; font-size: 12px;\">Photo: \u00a9 \u00c1rea de Turismo. Ayuntamiento de M\u00e1laga.<\/span><\/p><\/div>\n<\/div><\/div><\/div><div class=\"fusion-layout-column fusion_builder_column fusion-builder-column-20 fusion_builder_column_1_1 1_1 fusion-flex-column\" style=\"--awb-padding-top:;--awb-padding-right:;--awb-padding-bottom:;--awb-padding-left:;--awb-bg-size:cover;--awb-width-large:100%;--awb-margin-top-large:0px;--awb-spacing-right-large:0px;--awb-margin-bottom-large:20px;--awb-spacing-left-large:0px;--awb-width-medium:100%;--awb-spacing-right-medium:0px;--awb-spacing-left-medium:0px;--awb-width-small:100%;--awb-spacing-right-small:0px;--awb-spacing-left-small:0px;\"><div class=\"fusion-column-wrapper fusion-flex-justify-content-flex-start fusion-content-layout-column\"><div class=\"fusion-reading-box-container reading-box-container-1\" style=\"--awb-title-color:#1d242d;--awb-margin-top:0px;--awb-margin-bottom:84px;\"><div class=\"reading-box\" style=\"background-color:#bde5e7;border-width:0px;border-color:#fefefe;border-style:solid;\"><h2>ABONNIEREN SIE UNSEREN NEWSLETTER!<\/h2><div class=\"reading-box-description fusion-reading-box-additional\">Rezepte, letzte Foodie News aus Malaga, Insidertipps und spezielle Rabatte auf unsere Food Touren und Kochkurse!<\/p>\n<p><\/div><div class=\"reading-box-additional\">\n[contact-form-7 id=&#8221;10292&#8243; title=&#8221;Sign Up BLOG&#8221;]\n<\/div><div class=\"fusion-clearfix\"><\/div><\/div><\/div><\/div><\/div><\/div><\/div><\/p>\n","protected":false},"excerpt":{"rendered":"","protected":false},"author":2,"featured_media":6338,"comment_status":"open","ping_status":"open","sticky":false,"template":"","format":"standard","meta":{"footnotes":""},"categories":[344,399],"tags":[],"class_list":["post-6535","post","type-post","status-publish","format-standard","has-post-thumbnail","hentry","category-malaga-sehenswurdigkeiten","category-things-to-do-in-malaga-de"],"yoast_head":"<!-- This site is optimized with the Yoast SEO plugin v27.4 - https:\/\/yoast.com\/product\/yoast-seo-wordpress\/ -->\n<title>Malaga 20 Veranstaltungen die Du nicht verpassen d\u00fcrfen<\/title>\n<meta name=\"description\" content=\"In Spain Food Sherpas haben wir die 20 besten Events rausgesucht, die Sie 2016 nicht verpassen d\u00fcrfen. Nehmen Sie Ihren Kalender und schreiben Sie mit!\" \/>\n<meta name=\"robots\" content=\"index, follow, max-snippet:-1, max-image-preview:large, max-video-preview:-1\" \/>\n<link rel=\"canonical\" href=\"https:\/\/www.spainfoodsherpas.com\/de\/veranstaltungen-malaga-2016\/\" \/>\n<meta property=\"og:locale\" content=\"de_DE\" \/>\n<meta property=\"og:type\" content=\"article\" \/>\n<meta property=\"og:title\" content=\"Malaga 20 Veranstaltungen die Du nicht verpassen d\u00fcrfen\" \/>\n<meta property=\"og:description\" content=\"In Spain Food Sherpas haben wir die 20 besten Events rausgesucht, die Sie 2016 nicht verpassen d\u00fcrfen. Nehmen Sie Ihren Kalender und schreiben Sie mit!\" \/>\n<meta property=\"og:url\" content=\"https:\/\/www.spainfoodsherpas.com\/de\/veranstaltungen-malaga-2016\/\" \/>\n<meta property=\"og:site_name\" content=\"Spain Food Sherpas\" \/>\n<meta property=\"article:publisher\" content=\"https:\/\/www.facebook.com\/spainfoodsherpas\" \/>\n<meta property=\"article:published_time\" content=\"2016-04-07T21:09:42+00:00\" \/>\n<meta property=\"article:modified_time\" content=\"2017-12-07T09:32:59+00:00\" \/>\n<meta property=\"og:image\" content=\"https:\/\/www.spainfoodsherpas.com\/sfs\/wp-content\/uploads\/2016\/03\/malaga-gastronomy-festival.jpg\" \/>\n\t<meta property=\"og:image:width\" content=\"604\" \/>\n\t<meta property=\"og:image:height\" content=\"401\" \/>\n\t<meta property=\"og:image:type\" content=\"image\/jpeg\" \/>\n<meta name=\"author\" content=\"Spain Food Sherpas\" \/>\n<meta name=\"twitter:card\" content=\"summary_large_image\" \/>\n<meta name=\"twitter:label1\" content=\"Verfasst von\" \/>\n\t<meta name=\"twitter:data1\" content=\"Spain Food Sherpas\" \/>\n\t<meta name=\"twitter:label2\" content=\"Gesch\u00e4tzte Lesezeit\" \/>\n\t<meta name=\"twitter:data2\" content=\"22 minutes\" \/>\n<script type=\"application\/ld+json\" class=\"yoast-schema-graph\">{\"@context\":\"https:\\\/\\\/schema.org\",\"@graph\":[{\"@type\":\"Article\",\"@id\":\"https:\\\/\\\/www.spainfoodsherpas.com\\\/de\\\/veranstaltungen-malaga-2016\\\/#article\",\"isPartOf\":{\"@id\":\"https:\\\/\\\/www.spainfoodsherpas.com\\\/de\\\/veranstaltungen-malaga-2016\\\/\"},\"author\":{\"name\":\"Spain Food Sherpas\",\"@id\":\"https:\\\/\\\/www.spainfoodsherpas.com\\\/#\\\/schema\\\/person\\\/b04f318d9391b532418662359f5899e3\"},\"headline\":\"Malaga 20 Veranstaltungen die Du nicht verpassen d\u00fcrfen\",\"datePublished\":\"2016-04-07T21:09:42+00:00\",\"dateModified\":\"2017-12-07T09:32:59+00:00\",\"mainEntityOfPage\":{\"@id\":\"https:\\\/\\\/www.spainfoodsherpas.com\\\/de\\\/veranstaltungen-malaga-2016\\\/\"},\"wordCount\":4466,\"commentCount\":0,\"image\":{\"@id\":\"https:\\\/\\\/www.spainfoodsherpas.com\\\/de\\\/veranstaltungen-malaga-2016\\\/#primaryimage\"},\"thumbnailUrl\":\"https:\\\/\\\/www.spainfoodsherpas.com\\\/sfs\\\/wp-content\\\/uploads\\\/2016\\\/03\\\/malaga-gastronomy-festival.jpg\",\"articleSection\":[\"Malaga Sehensw\u00fcrdigkeiten\",\"Things to do in Malaga\"],\"inLanguage\":\"de-DE\",\"potentialAction\":[{\"@type\":\"CommentAction\",\"name\":\"Comment\",\"target\":[\"https:\\\/\\\/www.spainfoodsherpas.com\\\/de\\\/veranstaltungen-malaga-2016\\\/#respond\"]}]},{\"@type\":\"WebPage\",\"@id\":\"https:\\\/\\\/www.spainfoodsherpas.com\\\/de\\\/veranstaltungen-malaga-2016\\\/\",\"url\":\"https:\\\/\\\/www.spainfoodsherpas.com\\\/de\\\/veranstaltungen-malaga-2016\\\/\",\"name\":\"Malaga 20 Veranstaltungen die Du nicht verpassen d\u00fcrfen\",\"isPartOf\":{\"@id\":\"https:\\\/\\\/www.spainfoodsherpas.com\\\/#website\"},\"primaryImageOfPage\":{\"@id\":\"https:\\\/\\\/www.spainfoodsherpas.com\\\/de\\\/veranstaltungen-malaga-2016\\\/#primaryimage\"},\"image\":{\"@id\":\"https:\\\/\\\/www.spainfoodsherpas.com\\\/de\\\/veranstaltungen-malaga-2016\\\/#primaryimage\"},\"thumbnailUrl\":\"https:\\\/\\\/www.spainfoodsherpas.com\\\/sfs\\\/wp-content\\\/uploads\\\/2016\\\/03\\\/malaga-gastronomy-festival.jpg\",\"datePublished\":\"2016-04-07T21:09:42+00:00\",\"dateModified\":\"2017-12-07T09:32:59+00:00\",\"author\":{\"@id\":\"https:\\\/\\\/www.spainfoodsherpas.com\\\/#\\\/schema\\\/person\\\/b04f318d9391b532418662359f5899e3\"},\"description\":\"In Spain Food Sherpas haben wir die 20 besten Events rausgesucht, die Sie 2016 nicht verpassen d\u00fcrfen. Nehmen Sie Ihren Kalender und schreiben Sie mit!\",\"breadcrumb\":{\"@id\":\"https:\\\/\\\/www.spainfoodsherpas.com\\\/de\\\/veranstaltungen-malaga-2016\\\/#breadcrumb\"},\"inLanguage\":\"de-DE\",\"potentialAction\":[{\"@type\":\"ReadAction\",\"target\":[\"https:\\\/\\\/www.spainfoodsherpas.com\\\/de\\\/veranstaltungen-malaga-2016\\\/\"]}]},{\"@type\":\"ImageObject\",\"inLanguage\":\"de-DE\",\"@id\":\"https:\\\/\\\/www.spainfoodsherpas.com\\\/de\\\/veranstaltungen-malaga-2016\\\/#primaryimage\",\"url\":\"https:\\\/\\\/www.spainfoodsherpas.com\\\/sfs\\\/wp-content\\\/uploads\\\/2016\\\/03\\\/malaga-gastronomy-festival.jpg\",\"contentUrl\":\"https:\\\/\\\/www.spainfoodsherpas.com\\\/sfs\\\/wp-content\\\/uploads\\\/2016\\\/03\\\/malaga-gastronomy-festival.jpg\",\"width\":604,\"height\":401},{\"@type\":\"BreadcrumbList\",\"@id\":\"https:\\\/\\\/www.spainfoodsherpas.com\\\/de\\\/veranstaltungen-malaga-2016\\\/#breadcrumb\",\"itemListElement\":[{\"@type\":\"ListItem\",\"position\":1,\"name\":\"Home\",\"item\":\"https:\\\/\\\/www.spainfoodsherpas.com\\\/de\\\/\"},{\"@type\":\"ListItem\",\"position\":2,\"name\":\"Malaga\",\"item\":\"https:\\\/\\\/www.spainfoodsherpas.com\\\/category\\\/malaga\\\/\"},{\"@type\":\"ListItem\",\"position\":3,\"name\":\"Things to do in Malaga\",\"item\":\"https:\\\/\\\/www.spainfoodsherpas.com\\\/category\\\/malaga\\\/things-to-do-in-malaga\\\/\"},{\"@type\":\"ListItem\",\"position\":4,\"name\":\"Malaga 20 Veranstaltungen die Du nicht verpassen d\u00fcrfen\"}]},{\"@type\":\"WebSite\",\"@id\":\"https:\\\/\\\/www.spainfoodsherpas.com\\\/#website\",\"url\":\"https:\\\/\\\/www.spainfoodsherpas.com\\\/\",\"name\":\"Spain Food Sherpas\",\"description\":\"Food Travel Experiences\",\"potentialAction\":[{\"@type\":\"SearchAction\",\"target\":{\"@type\":\"EntryPoint\",\"urlTemplate\":\"https:\\\/\\\/www.spainfoodsherpas.com\\\/?s={search_term_string}\"},\"query-input\":{\"@type\":\"PropertyValueSpecification\",\"valueRequired\":true,\"valueName\":\"search_term_string\"}}],\"inLanguage\":\"de-DE\"},{\"@type\":\"Person\",\"@id\":\"https:\\\/\\\/www.spainfoodsherpas.com\\\/#\\\/schema\\\/person\\\/b04f318d9391b532418662359f5899e3\",\"name\":\"Spain Food Sherpas\",\"image\":{\"@type\":\"ImageObject\",\"inLanguage\":\"de-DE\",\"@id\":\"https:\\\/\\\/secure.gravatar.com\\\/avatar\\\/c15d885a3bd643aa81be6a59e8dee436e88b6730c896bc452a82b7af78af494b?s=96&d=mm&r=g\",\"url\":\"https:\\\/\\\/secure.gravatar.com\\\/avatar\\\/c15d885a3bd643aa81be6a59e8dee436e88b6730c896bc452a82b7af78af494b?s=96&d=mm&r=g\",\"contentUrl\":\"https:\\\/\\\/secure.gravatar.com\\\/avatar\\\/c15d885a3bd643aa81be6a59e8dee436e88b6730c896bc452a82b7af78af494b?s=96&d=mm&r=g\",\"caption\":\"Spain Food Sherpas\"},\"sameAs\":[\"https:\\\/\\\/spainfoodsherpas.com\"]}]}<\/script>\n<!-- \/ Yoast SEO plugin. -->","yoast_head_json":{"title":"Malaga 20 Veranstaltungen die Du nicht verpassen d\u00fcrfen","description":"In Spain Food Sherpas haben wir die 20 besten Events rausgesucht, die Sie 2016 nicht verpassen d\u00fcrfen. Nehmen Sie Ihren Kalender und schreiben Sie mit!","robots":{"index":"index","follow":"follow","max-snippet":"max-snippet:-1","max-image-preview":"max-image-preview:large","max-video-preview":"max-video-preview:-1"},"canonical":"https:\/\/www.spainfoodsherpas.com\/de\/veranstaltungen-malaga-2016\/","og_locale":"de_DE","og_type":"article","og_title":"Malaga 20 Veranstaltungen die Du nicht verpassen d\u00fcrfen","og_description":"In Spain Food Sherpas haben wir die 20 besten Events rausgesucht, die Sie 2016 nicht verpassen d\u00fcrfen. Nehmen Sie Ihren Kalender und schreiben Sie mit!","og_url":"https:\/\/www.spainfoodsherpas.com\/de\/veranstaltungen-malaga-2016\/","og_site_name":"Spain Food Sherpas","article_publisher":"https:\/\/www.facebook.com\/spainfoodsherpas","article_published_time":"2016-04-07T21:09:42+00:00","article_modified_time":"2017-12-07T09:32:59+00:00","og_image":[{"width":604,"height":401,"url":"https:\/\/www.spainfoodsherpas.com\/sfs\/wp-content\/uploads\/2016\/03\/malaga-gastronomy-festival.jpg","type":"image\/jpeg"}],"author":"Spain Food Sherpas","twitter_card":"summary_large_image","twitter_misc":{"Verfasst von":"Spain Food Sherpas","Gesch\u00e4tzte Lesezeit":"22 minutes"},"schema":{"@context":"https:\/\/schema.org","@graph":[{"@type":"Article","@id":"https:\/\/www.spainfoodsherpas.com\/de\/veranstaltungen-malaga-2016\/#article","isPartOf":{"@id":"https:\/\/www.spainfoodsherpas.com\/de\/veranstaltungen-malaga-2016\/"},"author":{"name":"Spain Food Sherpas","@id":"https:\/\/www.spainfoodsherpas.com\/#\/schema\/person\/b04f318d9391b532418662359f5899e3"},"headline":"Malaga 20 Veranstaltungen die Du nicht verpassen d\u00fcrfen","datePublished":"2016-04-07T21:09:42+00:00","dateModified":"2017-12-07T09:32:59+00:00","mainEntityOfPage":{"@id":"https:\/\/www.spainfoodsherpas.com\/de\/veranstaltungen-malaga-2016\/"},"wordCount":4466,"commentCount":0,"image":{"@id":"https:\/\/www.spainfoodsherpas.com\/de\/veranstaltungen-malaga-2016\/#primaryimage"},"thumbnailUrl":"https:\/\/www.spainfoodsherpas.com\/sfs\/wp-content\/uploads\/2016\/03\/malaga-gastronomy-festival.jpg","articleSection":["Malaga Sehensw\u00fcrdigkeiten","Things to do in Malaga"],"inLanguage":"de-DE","potentialAction":[{"@type":"CommentAction","name":"Comment","target":["https:\/\/www.spainfoodsherpas.com\/de\/veranstaltungen-malaga-2016\/#respond"]}]},{"@type":"WebPage","@id":"https:\/\/www.spainfoodsherpas.com\/de\/veranstaltungen-malaga-2016\/","url":"https:\/\/www.spainfoodsherpas.com\/de\/veranstaltungen-malaga-2016\/","name":"Malaga 20 Veranstaltungen die Du nicht verpassen d\u00fcrfen","isPartOf":{"@id":"https:\/\/www.spainfoodsherpas.com\/#website"},"primaryImageOfPage":{"@id":"https:\/\/www.spainfoodsherpas.com\/de\/veranstaltungen-malaga-2016\/#primaryimage"},"image":{"@id":"https:\/\/www.spainfoodsherpas.com\/de\/veranstaltungen-malaga-2016\/#primaryimage"},"thumbnailUrl":"https:\/\/www.spainfoodsherpas.com\/sfs\/wp-content\/uploads\/2016\/03\/malaga-gastronomy-festival.jpg","datePublished":"2016-04-07T21:09:42+00:00","dateModified":"2017-12-07T09:32:59+00:00","author":{"@id":"https:\/\/www.spainfoodsherpas.com\/#\/schema\/person\/b04f318d9391b532418662359f5899e3"},"description":"In Spain Food Sherpas haben wir die 20 besten Events rausgesucht, die Sie 2016 nicht verpassen d\u00fcrfen. Nehmen Sie Ihren Kalender und schreiben Sie mit!","breadcrumb":{"@id":"https:\/\/www.spainfoodsherpas.com\/de\/veranstaltungen-malaga-2016\/#breadcrumb"},"inLanguage":"de-DE","potentialAction":[{"@type":"ReadAction","target":["https:\/\/www.spainfoodsherpas.com\/de\/veranstaltungen-malaga-2016\/"]}]},{"@type":"ImageObject","inLanguage":"de-DE","@id":"https:\/\/www.spainfoodsherpas.com\/de\/veranstaltungen-malaga-2016\/#primaryimage","url":"https:\/\/www.spainfoodsherpas.com\/sfs\/wp-content\/uploads\/2016\/03\/malaga-gastronomy-festival.jpg","contentUrl":"https:\/\/www.spainfoodsherpas.com\/sfs\/wp-content\/uploads\/2016\/03\/malaga-gastronomy-festival.jpg","width":604,"height":401},{"@type":"BreadcrumbList","@id":"https:\/\/www.spainfoodsherpas.com\/de\/veranstaltungen-malaga-2016\/#breadcrumb","itemListElement":[{"@type":"ListItem","position":1,"name":"Home","item":"https:\/\/www.spainfoodsherpas.com\/de\/"},{"@type":"ListItem","position":2,"name":"Malaga","item":"https:\/\/www.spainfoodsherpas.com\/category\/malaga\/"},{"@type":"ListItem","position":3,"name":"Things to do in Malaga","item":"https:\/\/www.spainfoodsherpas.com\/category\/malaga\/things-to-do-in-malaga\/"},{"@type":"ListItem","position":4,"name":"Malaga 20 Veranstaltungen die Du nicht verpassen d\u00fcrfen"}]},{"@type":"WebSite","@id":"https:\/\/www.spainfoodsherpas.com\/#website","url":"https:\/\/www.spainfoodsherpas.com\/","name":"Spain Food Sherpas","description":"Food Travel Experiences","potentialAction":[{"@type":"SearchAction","target":{"@type":"EntryPoint","urlTemplate":"https:\/\/www.spainfoodsherpas.com\/?s={search_term_string}"},"query-input":{"@type":"PropertyValueSpecification","valueRequired":true,"valueName":"search_term_string"}}],"inLanguage":"de-DE"},{"@type":"Person","@id":"https:\/\/www.spainfoodsherpas.com\/#\/schema\/person\/b04f318d9391b532418662359f5899e3","name":"Spain Food Sherpas","image":{"@type":"ImageObject","inLanguage":"de-DE","@id":"https:\/\/secure.gravatar.com\/avatar\/c15d885a3bd643aa81be6a59e8dee436e88b6730c896bc452a82b7af78af494b?s=96&d=mm&r=g","url":"https:\/\/secure.gravatar.com\/avatar\/c15d885a3bd643aa81be6a59e8dee436e88b6730c896bc452a82b7af78af494b?s=96&d=mm&r=g","contentUrl":"https:\/\/secure.gravatar.com\/avatar\/c15d885a3bd643aa81be6a59e8dee436e88b6730c896bc452a82b7af78af494b?s=96&d=mm&r=g","caption":"Spain Food Sherpas"},"sameAs":["https:\/\/spainfoodsherpas.com"]}]}},"_links":{"self":[{"href":"https:\/\/www.spainfoodsherpas.com\/de\/wp-json\/wp\/v2\/posts\/6535","targetHints":{"allow":["GET"]}}],"collection":[{"href":"https:\/\/www.spainfoodsherpas.com\/de\/wp-json\/wp\/v2\/posts"}],"about":[{"href":"https:\/\/www.spainfoodsherpas.com\/de\/wp-json\/wp\/v2\/types\/post"}],"author":[{"embeddable":true,"href":"https:\/\/www.spainfoodsherpas.com\/de\/wp-json\/wp\/v2\/users\/2"}],"replies":[{"embeddable":true,"href":"https:\/\/www.spainfoodsherpas.com\/de\/wp-json\/wp\/v2\/comments?post=6535"}],"version-history":[{"count":7,"href":"https:\/\/www.spainfoodsherpas.com\/de\/wp-json\/wp\/v2\/posts\/6535\/revisions"}],"predecessor-version":[{"id":14048,"href":"https:\/\/www.spainfoodsherpas.com\/de\/wp-json\/wp\/v2\/posts\/6535\/revisions\/14048"}],"wp:featuredmedia":[{"embeddable":true,"href":"https:\/\/www.spainfoodsherpas.com\/de\/wp-json\/wp\/v2\/media\/6338"}],"wp:attachment":[{"href":"https:\/\/www.spainfoodsherpas.com\/de\/wp-json\/wp\/v2\/media?parent=6535"}],"wp:term":[{"taxonomy":"category","embeddable":true,"href":"https:\/\/www.spainfoodsherpas.com\/de\/wp-json\/wp\/v2\/categories?post=6535"},{"taxonomy":"post_tag","embeddable":true,"href":"https:\/\/www.spainfoodsherpas.com\/de\/wp-json\/wp\/v2\/tags?post=6535"}],"curies":[{"name":"wp","href":"https:\/\/api.w.org\/{rel}","templated":true}]}}