
{"id":3588,"date":"2015-10-27T17:21:29","date_gmt":"2015-10-27T17:21:29","guid":{"rendered":"https:\/\/www.spainfoodsherpas.com\/?p=3588"},"modified":"2016-10-16T09:22:44","modified_gmt":"2016-10-16T09:22:44","slug":"12-autumn-food-festivals-in-malaga-2","status":"publish","type":"post","link":"https:\/\/www.spainfoodsherpas.com\/de\/12-autumn-food-festivals-in-malaga-2\/","title":{"rendered":"Die 12 besten Autumn Food Festivals in Malaga"},"content":{"rendered":"<p><span lang=\"de-DE\">Der Herbst<\/span><span lang=\"de-DE\"> in Malaga <\/span><span lang=\"de-DE\">ist Synonym von Maronen,<\/span><span lang=\"de-DE\"> \u201eaguardiente\u201c <\/span><span lang=\"de-DE\">Schnaps, Wein<\/span> <span lang=\"de-DE\">und der (Haus-) Schlachtung von Schweinen.<\/span> <span lang=\"de-DE\">Machen wir uns auf den Weg<\/span> <span lang=\"de-DE\">mit dem Team von<\/span> <span lang=\"de-DE\">Spain Food<\/span> <span lang=\"de-DE\">Sherpas<\/span>\u00a0 <span lang=\"de-DE\">um die<strong> traditionellen<\/strong><\/span><strong> <span lang=\"de-DE\">gastronomischen Festivals,<\/span><span lang=\"de-DE\"> welche die <\/span><span lang=\"de-DE\">D\u00f6rfer Malagas<\/span> <\/strong><span lang=\"de-DE\"><strong>im Herbst organisieren<\/strong>,<\/span> <span lang=\"de-DE\">zu genie\u00dfen.<\/span><\/p>\n<p><span lang=\"de-DE\">Beliebte<\/span> <span lang=\"de-DE\">Feste um<\/span> <span lang=\"de-DE\">die Geheimnisse der<\/span> <span lang=\"de-DE\">lokalen K\u00fcche<\/span> <span lang=\"de-DE\">dank<\/span> <span lang=\"de-DE\">Gerichte wie<\/span><span lang=\"de-DE\"> \u201e<\/span><span lang=\"de-DE\">chanfaina\u201c<\/span><span lang=\"de-DE\">, \u201e<\/span><span lang=\"de-DE\">arriera<\/span><span lang=\"de-DE\"> Salat\u201c, <\/span><span lang=\"de-DE\"> \u201ebolo ojeneto\u201c<\/span> <span lang=\"de-DE\">oder<\/span><span lang=\"de-DE\"> \u201e<\/span><span lang=\"de-DE\">malcocinao<i>\u201c<\/i><\/span><span lang=\"de-DE\"> zu entdecken<\/span><span lang=\"de-DE\">. Es ist <\/span><span lang=\"de-DE\">ein<\/span> <span lang=\"de-DE\">guter Zeitpunkt, um<\/span> <span lang=\"de-DE\">durch die<\/span> <span lang=\"de-DE\">kleinen D\u00f6rfer<\/span> <span lang=\"de-DE\">der<\/span> <span lang=\"de-DE\">Serran\u00eda de Ronda<\/span> <span lang=\"de-DE\">oder<\/span> <span lang=\"de-DE\">der Axarqu\u00eda zu schlendern.<\/span> <span lang=\"de-DE\">Nehmen Sie reichlich Appetit mit<\/span><span lang=\"de-DE\"> und <\/span><span lang=\"de-DE\">warme Kleidung&#8230;<\/span> <span lang=\"de-DE\">und lassen Sie sich treiben.<b> <\/b><\/span><\/p>\n<p><a href=\"https:\/\/www.spainfoodsherpas.com\/sfs\/wp-content\/uploads\/2015\/10\/chacina-festival-in-Benaojan.jpg\"><img decoding=\"async\" class=\"lazyload aligncenter size-full wp-image-3461\" src=\"https:\/\/www.spainfoodsherpas.com\/sfs\/wp-content\/uploads\/2015\/10\/chacina-festival-in-Benaojan.jpg\" data-orig-src=\"https:\/\/www.spainfoodsherpas.com\/sfs\/wp-content\/uploads\/2015\/10\/chacina-festival-in-Benaojan.jpg\" alt=\"chacina festival in benaojan\" width=\"604\" height=\"403\" srcset=\"data:image\/svg+xml,%3Csvg%20xmlns%3D%27http%3A%2F%2Fwww.w3.org%2F2000%2Fsvg%27%20width%3D%27604%27%20height%3D%27403%27%20viewBox%3D%270%200%20604%20403%27%3E%3Crect%20width%3D%27604%27%20height%3D%27403%27%20fill-opacity%3D%220%22%2F%3E%3C%2Fsvg%3E\" data-srcset=\"https:\/\/www.spainfoodsherpas.com\/sfs\/wp-content\/uploads\/2015\/10\/chacina-festival-in-Benaojan-200x133.jpg 200w, https:\/\/www.spainfoodsherpas.com\/sfs\/wp-content\/uploads\/2015\/10\/chacina-festival-in-Benaojan-240x160.jpg 240w, https:\/\/www.spainfoodsherpas.com\/sfs\/wp-content\/uploads\/2015\/10\/chacina-festival-in-Benaojan-300x200.jpg 300w, https:\/\/www.spainfoodsherpas.com\/sfs\/wp-content\/uploads\/2015\/10\/chacina-festival-in-Benaojan-400x267.jpg 400w, https:\/\/www.spainfoodsherpas.com\/sfs\/wp-content\/uploads\/2015\/10\/chacina-festival-in-Benaojan-500x334.jpg 500w, https:\/\/www.spainfoodsherpas.com\/sfs\/wp-content\/uploads\/2015\/10\/chacina-festival-in-Benaojan-600x400.jpg 600w, https:\/\/www.spainfoodsherpas.com\/sfs\/wp-content\/uploads\/2015\/10\/chacina-festival-in-Benaojan.jpg 604w\" data-sizes=\"auto\" data-orig-sizes=\"(max-width: 604px) 100vw, 604px\" \/><\/a><\/p>\n<h3><strong>1. K\u00e4se Fest \u00b7 Teba \u00b7 1 &amp; 2 Oktober<\/strong><\/h3>\n<p><span lang=\"de-DE\">In Zeiten der Kreuzz\u00fcge reiste ein schottischer Bewunderer von William Wallace durch Andalusien. Es waren die ersten Jahrzehnte des vierzehnten Jahrhunderts und <strong>Sir James Douglas<\/strong> war auf dem Weg in das Heilige Land, um das <strong>einbalsamierte Herz von K\u00f6nig Robert the Bruce<\/strong> zu bringen. Es klingt sehr nach Legende, ist aber wahr. <\/span><\/p>\n<p><span lang=\"de-DE\">Beim \u00dcberqueren der iberischen Halbinsel wollte er nicht die Gelegenheit verpassen, sich an die christlichen Truppen anzuschlie\u00dfen um die Mauren zu besiegen. Er nahm an einem intensiven Kampf in der N\u00e4he der \u201eCastillo de la Estrella\u201c Burg teil. Aber er hatte Pech: er verlor und konnten seine Ziele nicht erreichen- aber an seine Abenteuer wird jedes Jahr in<\/span> <a href=\"http:\/\/teba.es\/\">Teba<\/a> <span lang=\"de-DE\">erinnert, einem Dorf, wo die Reste der Burg immernoch erhalten bleiben und wo ein Denkmal, was nach K\u00e4se riecht, jedes erste Oktoberwochenende seit f\u00fcnfzehn Jahren errichtet wird.<\/span><\/p>\n<p><span lang=\"de-DE\">Es ist Zeit f\u00fcrs <strong>K\u00e4se Fest<\/strong> in dieser Stadt die rund eine gute Stunde von Malaga entfernt ist. Mehr als f\u00fcnfzig St\u00e4nde bieten dieses Produkt in unendlichen Varianten an: Ziege, Kuh, Schaf oder gemischt, frisch, weich, leicht gereift, alt, mit Gew\u00fcrzen, Quark, Joghurt &#8230; Wurstwaren, \u00d6le, Marmeladen, Honig und s\u00fc\u00dfe Speisen runden eine riesige Auswahl an hausgemachten Spezialit\u00e4ten ab. <\/span><\/p>\n<p><span lang=\"de-DE\">Man kann \u00fcber all das in Workshops und Verkostungen lernen, die immer organisiert werden, sobald Platz ist: Teba wird an diesem Wochenende von mehr als 10.000 Menschen besucht, fast das Dreifache seiner gewohnten Bev\u00f6lkerung.<\/span><\/p>\n<p><img decoding=\"async\" class=\"lazyload aligncenter wp-image-6578 size-full\" src=\"https:\/\/www.spainfoodsherpas.com\/sfs\/wp-content\/uploads\/2015\/10\/Teba-cheese.jpg\" data-orig-src=\"https:\/\/www.spainfoodsherpas.com\/sfs\/wp-content\/uploads\/2015\/10\/Teba-cheese.jpg\" alt=\"\" width=\"604\" height=\"402\" srcset=\"data:image\/svg+xml,%3Csvg%20xmlns%3D%27http%3A%2F%2Fwww.w3.org%2F2000%2Fsvg%27%20width%3D%27604%27%20height%3D%27402%27%20viewBox%3D%270%200%20604%20402%27%3E%3Crect%20width%3D%27604%27%20height%3D%27402%27%20fill-opacity%3D%220%22%2F%3E%3C%2Fsvg%3E\" data-srcset=\"https:\/\/www.spainfoodsherpas.com\/sfs\/wp-content\/uploads\/2015\/10\/Teba-cheese-200x133.jpg 200w, https:\/\/www.spainfoodsherpas.com\/sfs\/wp-content\/uploads\/2015\/10\/Teba-cheese-240x160.jpg 240w, https:\/\/www.spainfoodsherpas.com\/sfs\/wp-content\/uploads\/2015\/10\/Teba-cheese-300x200.jpg 300w, https:\/\/www.spainfoodsherpas.com\/sfs\/wp-content\/uploads\/2015\/10\/Teba-cheese-400x266.jpg 400w, https:\/\/www.spainfoodsherpas.com\/sfs\/wp-content\/uploads\/2015\/10\/Teba-cheese-500x333.jpg 500w, https:\/\/www.spainfoodsherpas.com\/sfs\/wp-content\/uploads\/2015\/10\/Teba-cheese-600x399.jpg 600w, https:\/\/www.spainfoodsherpas.com\/sfs\/wp-content\/uploads\/2015\/10\/Teba-cheese.jpg 604w\" data-sizes=\"auto\" data-orig-sizes=\"(max-width: 604px) 100vw, 604px\" \/><\/p>\n<h3><strong>2. Perota Suppen Tag \u00b7 \u00c1lora \u00b7 1 Oktober<\/strong><\/h3>\n<p><span lang=\"de-DE\">Wichtig: Vergessen Sie Ihren L\u00f6ffel nicht. Zumindest k\u00fcndigt dies so das Plakat des Festivals an, auf dem klargestellt wird, dass<\/span> <span lang=\"de-DE\">\u201e<\/span> <em><a href=\"http:\/\/alora.es\">\u00c1lora<\/a><\/em> <span lang=\"de-DE\"><i>die Suppen stellt &#8230; und Sie den L\u00f6ffel\u201c<\/i><\/span>.<\/p>\n<p><span lang=\"de-DE\">Es ist sehr wahrscheinlich, dass sie Ihnen einen aus Plastik schenken werden, aber da man ja nie wei\u00df, ist es besser auf Nummer sicher zu gehen. So k\u00f6nnen Sie die \u201eperotas\u201c Suppe (wie auch die Einwohner dieser sch\u00f6nen Stadt heissen) probieren die, wie so viele andere Gerichte der andalusischen K\u00fcche, <strong>ihren Ursprung auf dem Land hat<\/strong><\/span>.<\/p>\n<p><span lang=\"de-DE\">Die Tagel\u00f6hner sind diejenigen, die die Produkte aus ihrer Umgebung benutzt haben, um den harten Arbeitstag unter der prallen Sonne auszuhalten. In \u00c1lora, n\u00f6rdlich von Malaga, hat das Rezept f\u00fcr dieses Gericht die folgenden Zutaten: Tomaten, Paprika, Zwiebeln, Kartoffeln, Knoblauch, Brot und Spargel-<strong> Produkte aus den reichen Gem\u00fcseg\u00e4rten des Tals<\/strong> was durch den Guadalhorce Fluss bew\u00e4ssert wird. <\/span><\/p>\n<p><span lang=\"de-DE\">Das Gericht wir mit Wei\u00dfwein vollkommen und mit \u00d6l, Salz und Petersilie gew\u00fcrzt. W\u00e4hrend dieser Feiertage werden jedes Jahr rund <strong>7.000 Rationen kostenlos unter der Bev\u00f6lkerung verteilt<\/strong>, zusammen mit der einzigen Olive mit einer Herkunftstbezeichnung- die k\u00f6stliche alore\u00f1a Olive.<\/span><\/p>\n<p><span lang=\"de-DE\">Dar\u00fcber hinaus kann man immer handgemachte Produkte an den Verkaufsst\u00e4nden entlang der Stadt kaufen oder zu der Musik der Verdiales tanzen, w\u00e4hrend man durch die kleinen Gassen schlendert, um die Burg zu erklimmen. Sie k\u00f6nnen sich auch an den schwindlig-hohen \u201e<strong>Caminito del Rey<\/strong>\u201c Weg wagen- er ist von hier nur einen Schritt entfernt. <\/span><\/p>\n<p>&nbsp;<\/p>\n<p><a href=\"https:\/\/www.spainfoodsherpas.com\/sfs\/wp-content\/uploads\/2015\/10\/Perota-Soup-day-Alora.jpg\"><img decoding=\"async\" class=\"lazyload aligncenter size-full wp-image-3464\" src=\"https:\/\/www.spainfoodsherpas.com\/sfs\/wp-content\/uploads\/2015\/10\/Perota-Soup-day-Alora.jpg\" data-orig-src=\"https:\/\/www.spainfoodsherpas.com\/sfs\/wp-content\/uploads\/2015\/10\/Perota-Soup-day-Alora.jpg\" alt=\"Perota Soup Alora\" width=\"604\" height=\"353\" srcset=\"data:image\/svg+xml,%3Csvg%20xmlns%3D%27http%3A%2F%2Fwww.w3.org%2F2000%2Fsvg%27%20width%3D%27604%27%20height%3D%27353%27%20viewBox%3D%270%200%20604%20353%27%3E%3Crect%20width%3D%27604%27%20height%3D%27353%27%20fill-opacity%3D%220%22%2F%3E%3C%2Fsvg%3E\" data-srcset=\"https:\/\/www.spainfoodsherpas.com\/sfs\/wp-content\/uploads\/2015\/10\/Perota-Soup-day-Alora-200x117.jpg 200w, https:\/\/www.spainfoodsherpas.com\/sfs\/wp-content\/uploads\/2015\/10\/Perota-Soup-day-Alora-240x140.jpg 240w, https:\/\/www.spainfoodsherpas.com\/sfs\/wp-content\/uploads\/2015\/10\/Perota-Soup-day-Alora-300x175.jpg 300w, https:\/\/www.spainfoodsherpas.com\/sfs\/wp-content\/uploads\/2015\/10\/Perota-Soup-day-Alora-400x234.jpg 400w, https:\/\/www.spainfoodsherpas.com\/sfs\/wp-content\/uploads\/2015\/10\/Perota-Soup-day-Alora-500x292.jpg 500w, https:\/\/www.spainfoodsherpas.com\/sfs\/wp-content\/uploads\/2015\/10\/Perota-Soup-day-Alora-600x351.jpg 600w, https:\/\/www.spainfoodsherpas.com\/sfs\/wp-content\/uploads\/2015\/10\/Perota-Soup-day-Alora.jpg 604w\" data-sizes=\"auto\" data-orig-sizes=\"(max-width: 604px) 100vw, 604px\" \/><\/a><\/p>\n<h3><strong>3. Wein und Maronen Fest \u00b7 Yunquera \u00b7 29 &amp; 30 Oktober<\/strong><\/h3>\n<p><span lang=\"de-DE\">Der \u201ePinsapo\u201c ist ein einzigartiger Baum. Es gibt ihn nur in S\u00fcdspanien und im Norden Marokkos. Er wurde von einem authentischen Abenteurer entdeckt, einem Schweizer, der in der Mitte des neunzehnten Jahrhunderts beschliess eine botanische Reise auf die iberische Halbinsel zu unternehmen. Die \u00fcberwiegende Mehrheit diesen Baumes findet man in<\/span> <a href=\"http:\/\/yunquera.es\">Yunquera<\/a>, <span lang=\"de-DE\">in der Sierra de las Nieves.<\/span><\/p>\n<p><span lang=\"de-DE\">Es ist das gr\u00f6\u00dfte Dorf dieser Region Malagas, obwohl es kaum an die 3.000 Einwohner rankommt. Ein Gebiet was an Ronda angrenzt und eine wunderbare Auswahl an kleinen, relativ isolierten, wei\u00dfen D\u00f6rfer bietet, wo das Wort \u201eRuhe\u201c fast zu kurz kommt. Yunquera ist eines von ihnen, aber die Ruhe wird jedes Jahr im sp\u00e4ten Oktober gebrochen- dann f\u00e4ngt das Wein und Maronen Fest an, das 2015 seine siebte Auflage erreicht. <\/span><\/p>\n<p><span lang=\"de-DE\">Eine Demonstration der klassischen \u201e<\/span><span lang=\"de-DE\"><i>pis\u00e1<\/i><\/span><span lang=\"de-DE\">\u201c (Kelter, Traubenpressung mit den F\u00fcssen) tr\u00e4gt dazu bei, den <strong>Prozess der Weinherstellung des leckeren regionalen Weines<\/strong> zu verstehen, der wiederum perfekt zu den Maronen in ihren vielen Varianten passt: ger\u00f6stet, gekocht, in Sirup, s\u00fc\u00df oder kurdisch, direkt vom Baum gepfl\u00fcckt. <\/span><\/p>\n<p><span lang=\"de-DE\">Ebenfalls einen Versuch wert ist eines der beliebtesten Gerichte der lokalen Bev\u00f6lkerung, welches Spain Food Sherpas nat\u00fcrlich empfiehlt : das <\/span><span lang=\"de-DE\"><i>malcocinao<\/i><\/span><span lang=\"de-DE\"> (wortw\u00f6rtlich \u201eschlecht gekocht\u201c), bestehend aus Kichererbsen, Speck, Kutteln, Chorizo <\/span><span style=\"font-family: Cambria,serif;\"><span lang=\"de-DE\">und Blutwurst und<\/span><\/span><span lang=\"de-DE\"> dessen Geschmack genau das Gegenteil von seinem Namen ist. Sackh\u00fcpfen und touristische Touren die Ihnen helfen das Essen zu verdauen, sowie auch der Rhythmus der Auff\u00fchrungen der Verdiales-Gruppen, die die Reise vervollst\u00e4ndigen. <\/span><\/p>\n<p><a href=\"https:\/\/www.spainfoodsherpas.com\/sfs\/wp-content\/uploads\/2015\/10\/toston-de-castan\u0303as-Yunquera.jpg\"><img decoding=\"async\" class=\"lazyload aligncenter size-full wp-image-3479\" src=\"https:\/\/www.spainfoodsherpas.com\/sfs\/wp-content\/uploads\/2015\/10\/toston-de-castan\u0303as-Yunquera.jpg\" data-orig-src=\"https:\/\/www.spainfoodsherpas.com\/sfs\/wp-content\/uploads\/2015\/10\/toston-de-castan\u0303as-Yunquera.jpg\" alt=\"chestnut and wine festival Yunquera\" width=\"604\" height=\"403\" srcset=\"data:image\/svg+xml,%3Csvg%20xmlns%3D%27http%3A%2F%2Fwww.w3.org%2F2000%2Fsvg%27%20width%3D%27604%27%20height%3D%27403%27%20viewBox%3D%270%200%20604%20403%27%3E%3Crect%20width%3D%27604%27%20height%3D%27403%27%20fill-opacity%3D%220%22%2F%3E%3C%2Fsvg%3E\" data-srcset=\"https:\/\/www.spainfoodsherpas.com\/sfs\/wp-content\/uploads\/2015\/10\/toston-de-castan\u0303as-Yunquera-200x133.jpg 200w, https:\/\/www.spainfoodsherpas.com\/sfs\/wp-content\/uploads\/2015\/10\/toston-de-castan\u0303as-Yunquera-240x160.jpg 240w, https:\/\/www.spainfoodsherpas.com\/sfs\/wp-content\/uploads\/2015\/10\/toston-de-castan\u0303as-Yunquera-300x200.jpg 300w, https:\/\/www.spainfoodsherpas.com\/sfs\/wp-content\/uploads\/2015\/10\/toston-de-castan\u0303as-Yunquera-400x267.jpg 400w, https:\/\/www.spainfoodsherpas.com\/sfs\/wp-content\/uploads\/2015\/10\/toston-de-castan\u0303as-Yunquera-500x334.jpg 500w, https:\/\/www.spainfoodsherpas.com\/sfs\/wp-content\/uploads\/2015\/10\/toston-de-castan\u0303as-Yunquera-600x400.jpg 600w, https:\/\/www.spainfoodsherpas.com\/sfs\/wp-content\/uploads\/2015\/10\/toston-de-castan\u0303as-Yunquera.jpg 604w\" data-sizes=\"auto\" data-orig-sizes=\"(max-width: 604px) 100vw, 604px\" \/><\/a><\/p>\n<h3><strong>4. Maronen Fest \u00b7 Pujerra \u00b7 31 Oktober &amp; 1 November<\/strong><\/h3>\n<p><span lang=\"de-DE\">Der Weg nach<\/span> <a href=\"http:\/\/pujerra.es\/\">Pujerra<\/a> <span lang=\"de-DE\">ist lang, aber es lohnt sich. Von Malaga aus liegt es circa 2 Stunden mit dem Auto entfernt, durch eine <strong>erstaunliche<\/strong> <strong>Landschaft voll mit Kastanienb\u00e4umen<\/strong> die sich im Herbst mit einer Farbenpracht in Rot, Gelb und Gr\u00fcn schm\u00fccken<\/span><\/p>\n<p><span lang=\"de-DE\">Der beste Teil der Strecke ist am Ende, entlang einer schmalen Panoramastra\u00dfe auf dem Weg zu diesem Dorf von rund 300 Einwohnern. Dort findet man die gr\u00f6\u00dfte Kastanien-Kooperative ganz Malagas, ein Museum was dieser Frucht gewidmet ist und jedes Jahr im Herbst feiern sie dieses Produkt, das die Grundlage vieler Bewohner dieser Stadt ist. <\/span><\/p>\n<p><span lang=\"de-DE\">Mit einem riesigen \u201eTost\u00f3n\u201c k\u00f6nnen die ger\u00f6steten Kastanien zu dieser kalten Jahreszeit genossen werden, nebst S\u00fc\u00dfigkeiten wie \u201ebu\u00f1uelos\u201c, \u201epesti\u00f1os\u201c und vielen weiteren Leckereien arabischer Herkunft. Es ist auch Zeit Getr\u00e4nke wie \u201emistela\u201c zu probieren. <\/span><\/p>\n<p><span lang=\"de-DE\">Es wird in Pujerra mit ger\u00f6steten Mandeln, Kaffee, Zucker, Zimt, Zitronen- und Orangenschale und nat\u00fcrlich Schnaps gemacht. Ein Weg den K\u00f6rper im Valle del Genal Tal zu w\u00e4rmen. Vorsichtig nat\u00fcrlich mit den Kurven auf dem Weg nach Hause!<\/span><\/p>\n<p>&nbsp;<\/p>\n<p><a href=\"https:\/\/www.spainfoodsherpas.com\/sfs\/wp-content\/uploads\/2015\/10\/chestnut-festival-Pujerra.jpg\"><img decoding=\"async\" class=\"lazyload aligncenter wp-image-3466 size-full\" title=\"chestnut trees pujerra\" src=\"https:\/\/www.spainfoodsherpas.com\/sfs\/wp-content\/uploads\/2015\/10\/chestnut-festival-Pujerra.jpg\" data-orig-src=\"https:\/\/www.spainfoodsherpas.com\/sfs\/wp-content\/uploads\/2015\/10\/chestnut-festival-Pujerra.jpg\" alt=\"chestnut trees pujerra\" width=\"604\" height=\"349\" srcset=\"data:image\/svg+xml,%3Csvg%20xmlns%3D%27http%3A%2F%2Fwww.w3.org%2F2000%2Fsvg%27%20width%3D%27604%27%20height%3D%27349%27%20viewBox%3D%270%200%20604%20349%27%3E%3Crect%20width%3D%27604%27%20height%3D%27349%27%20fill-opacity%3D%220%22%2F%3E%3C%2Fsvg%3E\" data-srcset=\"https:\/\/www.spainfoodsherpas.com\/sfs\/wp-content\/uploads\/2015\/10\/chestnut-festival-Pujerra-200x116.jpg 200w, https:\/\/www.spainfoodsherpas.com\/sfs\/wp-content\/uploads\/2015\/10\/chestnut-festival-Pujerra-240x139.jpg 240w, https:\/\/www.spainfoodsherpas.com\/sfs\/wp-content\/uploads\/2015\/10\/chestnut-festival-Pujerra-300x173.jpg 300w, https:\/\/www.spainfoodsherpas.com\/sfs\/wp-content\/uploads\/2015\/10\/chestnut-festival-Pujerra-400x231.jpg 400w, https:\/\/www.spainfoodsherpas.com\/sfs\/wp-content\/uploads\/2015\/10\/chestnut-festival-Pujerra-500x289.jpg 500w, https:\/\/www.spainfoodsherpas.com\/sfs\/wp-content\/uploads\/2015\/10\/chestnut-festival-Pujerra-600x347.jpg 600w, https:\/\/www.spainfoodsherpas.com\/sfs\/wp-content\/uploads\/2015\/10\/chestnut-festival-Pujerra.jpg 604w\" data-sizes=\"auto\" data-orig-sizes=\"(max-width: 604px) 100vw, 604px\" \/><\/a><\/p>\n<h3><strong>5. Maroween: Kastanien und S\u00fc\u00dfkartoffel Fest \u00b7 31 Oktober &amp; 1 November<\/strong><\/h3>\n<p><span lang=\"de-DE\">Maro ist <strong>ein winziges D\u00f6rfchen in Nerja<\/strong>, wo es die besten Str\u00e4nde Malagas gibt: kleine und ruhige, felsige Buchten, wo das klare, bei Zeiten, t\u00fcrkisfarbene Wasser eine erstaunliche Artenvielfalt verbirgt. <\/span><\/p>\n<p><span lang=\"de-DE\">Die Umgebung ist sehr l\u00e4ndlich und die Gastronomie basiert auf den Obst-und Gem\u00fcseg\u00e4rten und dem Reichtum der Region der Axarquia.<\/span> <a href=\"http:\/\/andalucia.org\/es\/destinos\/provincias\/malaga\/municipios\/maro\/\">Maro<\/a> <span lang=\"de-DE\">ist auch ein Ort, wo sich Tradition und Moderne auf einer einzigartigen Art und Weise vermischt haben. So haben sie zum Beispiel das klassische Kastanien und S\u00fc\u00dfkartoffel-R\u00f6sten, das an Allerheiligen stattfindet, gelungen mit der <strong>importierten Halloween Feier<\/strong> verbunden um \u201eMaroween\u201c zu kreieren. <\/span><\/p>\n<p><span lang=\"de-DE\">Hexen und Monster die die Kleinen erschrecken genie\u00dfen somit in ihrer Freizeit das gastronomische Festival und f\u00fcllen wieder ihre Kr\u00e4fte mit S\u00fc\u00dfkartoffeln und Maronen auf. (Kein K\u00fcrbisse zu sehen.) Die gleichen Produkte sind die Stars des Festivals in dem nahe gelegenen Dorf Alcauc\u00edn genau ein Wochenende sp\u00e4ter, wo Sie die Chance ergreifen k\u00f6nnen und die ersten \u201emantecado\u201c Kekse der Saison, neben dem typischen Anis, testen k\u00f6nnen. Ein paar Gl\u00e4schen &#8230; und singen wir ein paar Weihnachtslieder! &#8211; Jetzt sogar auf Spanisch! <\/span><\/p>\n<h3><strong>6. \u201cTost\u00f3n popular\u201d \u00b7 Oj\u00e9n \u00b7 6 November<\/strong><\/h3>\n<p><span lang=\"de-DE\">Die Fans der Indie-Musik werden sicherlich <a href=\"http:\/\/ojen.es\/\">Oj\u00e9n<\/a>\u00a0kennen: die Stadt feiert jedes Jahr im Sommer das \u201eOjeando\u201c Festival, wo Gruppen wie Los Planetas, Love of Lesbian, Xoel Lopez oder Ivan Ferreiro nebst vielen anderen K\u00fcnstlern auftreten. <\/span><\/p>\n<p><span lang=\"de-DE\">Diese sch\u00f6ne und steile Stadt in den Bergen, nur zehn Minuten von Marbella entfernt, feiert jeden Herbst ihren beliebten \u201eTost\u00f3n\u201c. Ein Tag, an dem man das Verfahren zur Herstellung von ger\u00f6steten Kastanien lernen kann, aber wo man auch die lokale K\u00fcche genie\u00dft mit Gerichten wie gegrilltem Speck, <\/span><span lang=\"de-DE\"><i>jerv\u00eda<\/i><\/span><span lang=\"de-DE\"> Suppe, Kastanieneintopf, Reis mit Fenchel oder \u201ebolo ojeneto\u201c mit Kichererbsen, Bohnen, Knoblauch, Zwiebeln, Fenchel, Schweinefleisch, Kartoffeln, Lorbeer, Oliven\u00f6l und Salz.- Auch das \u201esalmorejo\u201c aus Ojen- ist dem aus Malaga sehr \u00e4hnlich, jedoch sehr unterschiedlich von dem aus Cordoba- was eine Art Kartoffelsalat mit Kabeljau, Zwiebel, Paprika und Orange ist.<\/span><\/p>\n<p><span lang=\"de-DE\"><strong> Ein Gericht was sehr von Spain Food Sherpas empfohlen wird<\/strong>, sowie der leckere Kaktusfeigen-Schnaps, der im Dorf produziert wird. Wenn Sie Kinder haben, bringen Sie sie auf jeden Fall mit, weil es viele Wettbewerbe und traditionelle Spiele auf dem Stadtplatz gibt, wie zum Beispiel der Kartoffel Tanz, Sackh\u00fcpfen, das Apfel oder Stuhl Spiel: machen Sie nicht so ein Gesicht- als Kind haben Sie auch viele Stunden mit diesen Spielen verbracht!<\/span><\/p>\n<blockquote><p><span lang=\"de-DE\">Machen wir uns auf den Weg<\/span> <span lang=\"de-DE\">mit dem Team von<\/span> <span lang=\"de-DE\">Spain Food<\/span> <span lang=\"de-DE\">Sherpas<\/span>\u00a0 <span lang=\"de-DE\">um die<strong> traditionellen<\/strong><\/span><strong> <span lang=\"de-DE\">gastronomischen Festivals,<\/span><span lang=\"de-DE\"> welche die <\/span><span lang=\"de-DE\">D\u00f6rfer Malagas<\/span> <\/strong><span lang=\"de-DE\"><strong>im Herbst organisieren<\/strong>,<\/span> <span lang=\"de-DE\">zu genie\u00dfen<\/span>.<\/p><\/blockquote>\n<h3><strong>7. Schinken Fest \u00b7 Campillos\u00b7 5 November<\/strong><\/h3>\n<p><span lang=\"de-DE\">Der Dichter Jos\u00e9 Mar\u00eda Hinojosa hat seinen Namen dem gr\u00f6\u00dften Park der Stadt\u00a0<a href=\"http:\/\/campillos.es\">Campillos<\/a> verliehen, wo dieses Mitglied der \u201eGeneration von 1927\u201c zu Beginn des letzten Jahrhunderts geboren wurde. Und genau hier wird jetzt jeden November das Schinken-und Wurstwaren Fest gefeiert, seit 2008.<\/span><\/p>\n<p><span lang=\"de-DE\">Diese Region ist der <strong>Hauptproduzent von Schweinefleisch-Produkten in ganz Andalusien<\/strong> und daher ist dieser Termin unvermeidlich, um alle Teile des Schweins (die zahlreich sind) zu probieren. Etwa hundert St\u00e4nde bietet alle Arten von Produkte an, wo Sie Leckereien kennenlernen werden von denen Sie noch nicht einmal wussten, dass es die gab.<\/span><\/p>\n<p><span lang=\"de-DE\">Dort k\u00f6nnen Sie chorizos, Blutwurst, salchich\u00f3n Salami, zurrapas, chicharrones (beides Schmalz) oder Speck probieren &#8230; einfach alles wird verbraucht.<\/span><\/p>\n<p><span lang=\"de-DE\">Und <strong>wenn Sie kein Fleisch essen, keine Sorge<\/strong>: Sie k\u00f6nnen auch andere hausgemachte Sachen, Spezialit\u00e4t der Region, probieren wie ihren K\u00e4se. Das Fest, zu dem rund 10.000 Menschen kommen, wird von vielen Aktivit\u00e4ten begleitet wie das Einschenken von Wein, Verdiales Konzerte oder Spiele f\u00fcr Kinder.<\/span><\/p>\n<p><a href=\"https:\/\/www.spainfoodsherpas.com\/sfs\/wp-content\/uploads\/2015\/10\/ham-autumn-festival-campillos.jpg\"><img decoding=\"async\" class=\"lazyload aligncenter size-full wp-image-3467\" src=\"https:\/\/www.spainfoodsherpas.com\/sfs\/wp-content\/uploads\/2015\/10\/ham-autumn-festival-campillos.jpg\" data-orig-src=\"https:\/\/www.spainfoodsherpas.com\/sfs\/wp-content\/uploads\/2015\/10\/ham-autumn-festival-campillos.jpg\" alt=\"ham festival campillos\" width=\"604\" height=\"420\" srcset=\"data:image\/svg+xml,%3Csvg%20xmlns%3D%27http%3A%2F%2Fwww.w3.org%2F2000%2Fsvg%27%20width%3D%27604%27%20height%3D%27420%27%20viewBox%3D%270%200%20604%20420%27%3E%3Crect%20width%3D%27604%27%20height%3D%27420%27%20fill-opacity%3D%220%22%2F%3E%3C%2Fsvg%3E\" data-srcset=\"https:\/\/www.spainfoodsherpas.com\/sfs\/wp-content\/uploads\/2015\/10\/ham-autumn-festival-campillos-200x139.jpg 200w, https:\/\/www.spainfoodsherpas.com\/sfs\/wp-content\/uploads\/2015\/10\/ham-autumn-festival-campillos-240x167.jpg 240w, https:\/\/www.spainfoodsherpas.com\/sfs\/wp-content\/uploads\/2015\/10\/ham-autumn-festival-campillos-300x209.jpg 300w, https:\/\/www.spainfoodsherpas.com\/sfs\/wp-content\/uploads\/2015\/10\/ham-autumn-festival-campillos-400x278.jpg 400w, https:\/\/www.spainfoodsherpas.com\/sfs\/wp-content\/uploads\/2015\/10\/ham-autumn-festival-campillos-500x348.jpg 500w, https:\/\/www.spainfoodsherpas.com\/sfs\/wp-content\/uploads\/2015\/10\/ham-autumn-festival-campillos-600x417.jpg 600w, https:\/\/www.spainfoodsherpas.com\/sfs\/wp-content\/uploads\/2015\/10\/ham-autumn-festival-campillos.jpg 604w\" data-sizes=\"auto\" data-orig-sizes=\"(max-width: 604px) 100vw, 604px\" \/><\/a><\/p>\n<blockquote><p><span lang=\"DE\">W\u00e4hrend Sie in Malaga sind, vergessen Sie nicht an einer unserer <a href=\"https:\/\/www.spainfoodsherpas.com\/de\/malaga-tours\/\">Food Touren<\/a> teilzunehmen! Unsere <strong><a href=\"https:\/\/www.spainfoodsherpas.com\/de\/malaga-weine-tapas-tour\/\">Malaga Weine und Tapas Tour<\/a><\/strong> f\u00fchrt Sie an wunderbaren Sehensw\u00fcrdigkeiten vorbei, enth\u00fcllt aber auch viele regionale, kulinarische Spezialit\u00e4ten und die wunderbare Welt der Weine Malagas.<\/span><\/p><\/blockquote>\n<h3><strong>8. Hasenfest \u00b7 Parauta \u00b7 12 November<\/strong><\/h3>\n<p><span lang=\"de-DE\">Im neunten Jahrhundert, als Malaga noch nicht Malaga war und Spanien noch nicht Spanien, wurde ein Nachbar aus der Ortschaft von\u00a0<a href=\"http:\/\/parauta.es\">Parauta<\/a> sehr ber\u00fchmt. Sein Name ist Omar Ben Hafsun und er f\u00fchrte eine Rebellion an, die sp\u00e4ter zur Gr\u00fcndung des Kalifats von C\u00f3rdoba leitete.Von diesem Zeitpunkt ab, w\u00e4hrend der n\u00e4chsten 1200 Jahre, hat keiner der Nachbarn eine \u00e4hnliche Revolte in diesem winzigen Dorf in der Serrania de Ronda begonnen.<\/span><\/p>\n<p><span lang=\"de-DE\"> Heute sind es <strong>knapp 250 Einwohner<\/strong> und es scheint, dass niemand eine neue Revolution in der n\u00e4chsten Zeit anf\u00fchren wird. Es ist eine kleine Stadt die, um ihr Hasenfest zu feiern, das Sportzentrum bereitstellen muss, da es die einzigste offene R\u00e4umlichkeit ist, wo man einen riesigen Reis mit Hase f\u00fcr die Bewohner und Besucher machen kann. <\/span><\/p>\n<p><span lang=\"de-DE\">Dieses kleine Tier hat fr\u00fcher viele lokale Familien unterst\u00fctzt und deswegen feiern sie diese Hommage in Form von einer gastronomischen Veranstaltung, wo sie ein riesiges Reisgericht mit 300 Kaninchen vorbereiten und viele weitere Gerichte wo dieses Tier die Basis ist- immer streng nach Tradition. Schmale, gepflasterte Stra\u00dfen und H\u00e4user an steilen Gassen mit wei\u00df get\u00fcnchten W\u00e4nden,- <strong>Parauta an sich ist schon ein Besuch wert<\/strong>. Auch k\u00f6nnen Sie dort die vielen Wanderwege dieser Region Malagas entdecken, wie die Rundwanderwege nach Igualeja und Cartajima- auch wunderbare kleine wei\u00dfe D\u00f6rfer.<\/span><\/p>\n<p>&nbsp;<\/p>\n<p><a href=\"https:\/\/www.spainfoodsherpas.com\/sfs\/wp-content\/uploads\/2015\/10\/Parauta-view.jpg\"><img decoding=\"async\" class=\"lazyload aligncenter size-full wp-image-3468\" src=\"https:\/\/www.spainfoodsherpas.com\/sfs\/wp-content\/uploads\/2015\/10\/Parauta-view.jpg\" data-orig-src=\"https:\/\/www.spainfoodsherpas.com\/sfs\/wp-content\/uploads\/2015\/10\/Parauta-view.jpg\" alt=\"Parauta\" width=\"604\" height=\"453\" srcset=\"data:image\/svg+xml,%3Csvg%20xmlns%3D%27http%3A%2F%2Fwww.w3.org%2F2000%2Fsvg%27%20width%3D%27604%27%20height%3D%27453%27%20viewBox%3D%270%200%20604%20453%27%3E%3Crect%20width%3D%27604%27%20height%3D%27453%27%20fill-opacity%3D%220%22%2F%3E%3C%2Fsvg%3E\" data-srcset=\"https:\/\/www.spainfoodsherpas.com\/sfs\/wp-content\/uploads\/2015\/10\/Parauta-view-200x150.jpg 200w, https:\/\/www.spainfoodsherpas.com\/sfs\/wp-content\/uploads\/2015\/10\/Parauta-view-240x180.jpg 240w, https:\/\/www.spainfoodsherpas.com\/sfs\/wp-content\/uploads\/2015\/10\/Parauta-view-300x225.jpg 300w, https:\/\/www.spainfoodsherpas.com\/sfs\/wp-content\/uploads\/2015\/10\/Parauta-view-400x300.jpg 400w, https:\/\/www.spainfoodsherpas.com\/sfs\/wp-content\/uploads\/2015\/10\/Parauta-view-500x375.jpg 500w, https:\/\/www.spainfoodsherpas.com\/sfs\/wp-content\/uploads\/2015\/10\/Parauta-view-600x450.jpg 600w, https:\/\/www.spainfoodsherpas.com\/sfs\/wp-content\/uploads\/2015\/10\/Parauta-view.jpg 604w\" data-sizes=\"auto\" data-orig-sizes=\"(max-width: 604px) 100vw, 604px\" \/><\/a><\/p>\n<h3><strong>9. \u201cChanfaina\u201d Fest \u00b7 Total\u00e1n \u00b7 27 November<\/strong><\/h3>\n<p><span lang=\"de-DE\">Man erreicht<\/span> <a href=\"http:\/\/totalan.es\">Total\u00e1n <\/a><span lang=\"de-DE\">\u00fcber eine<\/span> <span lang=\"de-DE\">kurvenreiche Stra\u00dfe<\/span> <span lang=\"de-DE\">in etwas mehr als<\/span> <span lang=\"de-DE\">einer halben Stunde von<\/span> <span lang=\"de-DE\">Malaga aus<\/span><span lang=\"de-DE\">. Dort <\/span><span lang=\"de-DE\">bereiten sie<\/span> <span lang=\"de-DE\">ein Gericht vor, dass<\/span> <strong><span lang=\"de-DE\">die K\u00e4lte<\/span> <span lang=\"de-DE\">in einem Augenblick<\/span> <span lang=\"de-DE\">verfliegen l\u00e4sst<\/span><\/strong><span lang=\"de-DE\">.- <\/span><span lang=\"de-DE\">Es ist<\/span><span lang=\"de-DE\"> \u201e<\/span><span lang=\"de-DE\">Chanfaina\u201c<\/span><span lang=\"de-DE\">, <\/span><span lang=\"de-DE\">dessen Rezeptur<\/span> <span lang=\"de-DE\">Kartoffeln,<\/span> <span lang=\"de-DE\">Oliven\u00f6l, Essig<\/span><span lang=\"de-DE\">, Knoblauch, <\/span><span lang=\"de-DE\">Brotkr\u00fcmel<\/span> <span lang=\"de-DE\">und viele Gew\u00fcrzen<\/span> <span lang=\"de-DE\">wie Oregano,<\/span> <span lang=\"de-DE\">Safran,<\/span> <span lang=\"de-DE\">Pfeffer, Nelken<\/span><span lang=\"de-DE\">, K\u00fcmmel und <\/span><span lang=\"de-DE\">Lorbeer<\/span> <span lang=\"de-DE\">beinh\u00e4lt, zusammen mit Fleisch und Blutwurst.<\/span><\/p>\n<p><span lang=\"de-DE\">Wenn Sie m\u00f6chten,<\/span> <span lang=\"de-DE\">kann man das<\/span> <span lang=\"de-DE\">Fleisch auch weglassen<\/span><span lang=\"de-DE\">, aber dann heisst es \u201e<\/span><span lang=\"de-DE\">Witwer Chanfaina\u201c<\/span><span lang=\"de-DE\">. <\/span><span lang=\"de-DE\">Jeden<\/span> <span lang=\"de-DE\">letzten Sonntag im November<\/span> <span lang=\"de-DE\">feiern sie dieses Gericht<\/span><span lang=\"de-DE\">, wo <\/span><span lang=\"de-DE\">mehr als 6.000<\/span> <span lang=\"de-DE\">kostenlose<\/span> <span lang=\"de-DE\">Rationen<\/span> <span lang=\"de-DE\">verteilt werden<\/span><span lang=\"de-DE\"> mit <\/span><span lang=\"de-DE\">Weinen von den Gebirgsketten aus<\/span> <span lang=\"de-DE\">Malaga<\/span> <span lang=\"de-DE\">und anderen Produkten wie<\/span><span lang=\"de-DE\"> zum Beispiel <\/span><span lang=\"de-DE\">Mandeln<\/span><span lang=\"de-DE\">. <\/span><\/p>\n<p><span lang=\"de-DE\">Auch werden traditionelle Ackerbau Ger\u00e4te gezeigt <\/span><span lang=\"de-DE\">und vielf\u00e4ltige<\/span> <span lang=\"de-DE\">Kunsthandwerke<\/span><span lang=\"de-DE\">, <\/span><span lang=\"de-DE\">ein Flohmarkt<\/span> <span lang=\"de-DE\">und das alles mit<\/span> <span lang=\"de-DE\">musikalischen Darbietungen<\/span> <span lang=\"de-DE\">von lokalen Bands<\/span><span lang=\"de-DE\">, <\/span><span lang=\"de-DE\">Verdiales<\/span> <span lang=\"de-DE\">und<\/span> <span lang=\"de-DE\">nat\u00fcrlich<\/span><span lang=\"de-DE\"> dem <\/span><span lang=\"de-DE\">klassischen Orchester<\/span> <span lang=\"de-DE\">des Dorfes<\/span><span lang=\"de-DE\">. <\/span><span lang=\"de-DE\">Ohne die geht\u2019s nicht!<\/span><\/p>\n<h3><strong>10. Lila Karotten Fest \u00b7 Cuevas Bajas \u00b7 4 Dezember<\/strong><\/h3>\n<p><span lang=\"de-DE\">Vor einigen Jahrzehnten benutzte man in der Region von Antequera eine seltsame Art von <a href=\"https:\/\/www.spainfoodsherpas.com\/purple-carrots-from-spain\/\">lila Karotte<\/a> um die Tiere zu f\u00fcttern. Es war ein Produkt, das man nicht in der K\u00fcche verwendete, welches aber viele N\u00e4hrstoffe erh\u00e4lt und zu einer Zeit w\u00e4chst (im Sp\u00e4therbst und Fr\u00fchwinter), in der es in Antequera sonst sehr wenig gibt. <\/span><\/p>\n<p><span lang=\"de-DE\">Heute ist die Lila Karotte <strong>eine Delikatesse<\/strong>, die dank des fruchtbaren Landes in der N\u00e4he der Genil Flusses w\u00e4chst. Die Landwirte in der Gemeinde von <a href=\"http:\/\/cuevasbajas.es\/\">Cuevas Bajas<\/a> behalten immernoch die Produktion dieser merkw\u00fcrdigen M\u00f6hre bei, die unglaubliche Proportionen von leicht einem Kilo \u00fcberschreiten kann.<\/span><\/p>\n<p><span lang=\"de-DE\">Um sie in Mode zu bringen, haben die Leute diesen Dorfes den Lila Karotten Tag erfunden, der jeden ersten Sonntag im Dezember gefeiert wird und auch dazu dient, das Ende der Ernte zu zelebrieren. In Marmeladen, Cremes, gegrillt, roh im Salat und sogar getrocknet, diese lokale Spezialit\u00e4t- die es auch in einigen anderen Teilen von Spanien gibt, wie auf den Balearen- kann w\u00e4hrend dieser Feier probiert werden, zusammen mit einem Teller \u201emigas\u201c (gebratene Brotkr\u00fcmel) und einem leckeren Wein, um warm zu werden.<\/span><\/p>\n<p><span lang=\"de-DE\">Ein sch\u00f6ner Spaziergang am Flussufer, der direkt vom Schnee der Sierra Nevada kommt, vervollst\u00e4ndigt einen wunderbaren gastronomischen Ausflug.<\/span><\/p>\n<p><a href=\"https:\/\/www.spainfoodsherpas.com\/sfs\/wp-content\/uploads\/2015\/10\/purple-carrot-cuevas-bajas.jpg\"><img decoding=\"async\" class=\"lazyload aligncenter size-full wp-image-3470\" src=\"https:\/\/www.spainfoodsherpas.com\/sfs\/wp-content\/uploads\/2015\/10\/purple-carrot-cuevas-bajas.jpg\" data-orig-src=\"https:\/\/www.spainfoodsherpas.com\/sfs\/wp-content\/uploads\/2015\/10\/purple-carrot-cuevas-bajas.jpg\" alt=\"purple carrots cuevas bajas\" width=\"604\" height=\"403\" srcset=\"data:image\/svg+xml,%3Csvg%20xmlns%3D%27http%3A%2F%2Fwww.w3.org%2F2000%2Fsvg%27%20width%3D%27604%27%20height%3D%27403%27%20viewBox%3D%270%200%20604%20403%27%3E%3Crect%20width%3D%27604%27%20height%3D%27403%27%20fill-opacity%3D%220%22%2F%3E%3C%2Fsvg%3E\" data-srcset=\"https:\/\/www.spainfoodsherpas.com\/sfs\/wp-content\/uploads\/2015\/10\/purple-carrot-cuevas-bajas-200x133.jpg 200w, https:\/\/www.spainfoodsherpas.com\/sfs\/wp-content\/uploads\/2015\/10\/purple-carrot-cuevas-bajas-240x160.jpg 240w, https:\/\/www.spainfoodsherpas.com\/sfs\/wp-content\/uploads\/2015\/10\/purple-carrot-cuevas-bajas-300x200.jpg 300w, https:\/\/www.spainfoodsherpas.com\/sfs\/wp-content\/uploads\/2015\/10\/purple-carrot-cuevas-bajas-400x267.jpg 400w, https:\/\/www.spainfoodsherpas.com\/sfs\/wp-content\/uploads\/2015\/10\/purple-carrot-cuevas-bajas-500x334.jpg 500w, https:\/\/www.spainfoodsherpas.com\/sfs\/wp-content\/uploads\/2015\/10\/purple-carrot-cuevas-bajas-600x400.jpg 600w, https:\/\/www.spainfoodsherpas.com\/sfs\/wp-content\/uploads\/2015\/10\/purple-carrot-cuevas-bajas.jpg 604w\" data-sizes=\"auto\" data-orig-sizes=\"(max-width: 604px) 100vw, 604px\" \/><\/a><\/p>\n<h3><strong>11.<\/strong> <strong>Wurstwaren Fest \u00b7 Benaoj\u00e1n \u00b7 2 bis 4 Dezember<\/strong><\/h3>\n<p><span lang=\"de-DE\">Ein gro\u00dfartiger Plan f\u00fcr den \u201eConstituci\u00f3n\u201c Br\u00fcckentag ist es nach Malaga zu fahren, genauer gesagt in den Naturpark \u201eSierra de Grazalema\u201c, um in irgendeinem von seinen wunderbaren D\u00f6rfern zu \u00fcbernachten. Dies k\u00f6nnen Sie noch mit dem Wurstwaren Fest (chacina) in <a href=\"http:\/\/benaojan.es\">Benaoj\u00e1n<\/a> abrunden, in der Region der \u201eSerran\u00eda de Ronda\u201c<\/span><\/p>\n<p><span lang=\"de-DE\">Dort befinden sich die meisten Wurstfabriken in der Umgebung- das heisst mit Fleisch kennen sich die Leute dort aus. Und zwar sehr! Das zeigen sie seit mehr als einem Jahrzehnt jedes erste Wochenende im Dezember: dann verwandelt sich die ganze Stadt, um <strong>ihre besten Produkte der Schweineschlachtung den Besuchern zu zeigen<\/strong>. <\/span><\/p>\n<p><span lang=\"de-DE\">W\u00e4hrend dieser Tage riechen die kleinen Gassen von Benaojan nach Wurst: lomo, chorizo <\/span><span style=\"font-family: Cambria,serif;\"><span lang=\"de-DE\">und Blutwurst, aber auch das Aroma des getrockneten Schinkens liegt in der Luft, der<\/span><\/span><span lang=\"de-DE\"> wegen des Wetters dort sehr gut reift.<\/span><\/p>\n<p><span lang=\"de-DE\">Falls Sie dieses Fest verpassen sollten, haben Sie eine zus\u00e4tzliche M\u00f6glichkeit- eine Woche sp\u00e4ter wird in der Stadt Colmenar ein \u00e4hnliches Fest gefeiert, im Naturpark \u201eMontes de M\u00e1laga\u201c. Verpassen Sie es nicht! <\/span><\/p>\n<p><a href=\"https:\/\/www.spainfoodsherpas.com\/sfs\/wp-content\/uploads\/2015\/10\/chacina-festival-benaojan.jpg\"><img decoding=\"async\" class=\"lazyload aligncenter size-full wp-image-3469\" src=\"https:\/\/www.spainfoodsherpas.com\/sfs\/wp-content\/uploads\/2015\/10\/chacina-festival-benaojan.jpg\" data-orig-src=\"https:\/\/www.spainfoodsherpas.com\/sfs\/wp-content\/uploads\/2015\/10\/chacina-festival-benaojan.jpg\" alt=\"chacina festival benaojan\" width=\"604\" height=\"403\" srcset=\"data:image\/svg+xml,%3Csvg%20xmlns%3D%27http%3A%2F%2Fwww.w3.org%2F2000%2Fsvg%27%20width%3D%27604%27%20height%3D%27403%27%20viewBox%3D%270%200%20604%20403%27%3E%3Crect%20width%3D%27604%27%20height%3D%27403%27%20fill-opacity%3D%220%22%2F%3E%3C%2Fsvg%3E\" data-srcset=\"https:\/\/www.spainfoodsherpas.com\/sfs\/wp-content\/uploads\/2015\/10\/chacina-festival-benaojan-200x133.jpg 200w, https:\/\/www.spainfoodsherpas.com\/sfs\/wp-content\/uploads\/2015\/10\/chacina-festival-benaojan-240x160.jpg 240w, https:\/\/www.spainfoodsherpas.com\/sfs\/wp-content\/uploads\/2015\/10\/chacina-festival-benaojan-300x200.jpg 300w, https:\/\/www.spainfoodsherpas.com\/sfs\/wp-content\/uploads\/2015\/10\/chacina-festival-benaojan-400x267.jpg 400w, https:\/\/www.spainfoodsherpas.com\/sfs\/wp-content\/uploads\/2015\/10\/chacina-festival-benaojan-500x334.jpg 500w, https:\/\/www.spainfoodsherpas.com\/sfs\/wp-content\/uploads\/2015\/10\/chacina-festival-benaojan-600x400.jpg 600w, https:\/\/www.spainfoodsherpas.com\/sfs\/wp-content\/uploads\/2015\/10\/chacina-festival-benaojan.jpg 604w\" data-sizes=\"auto\" data-orig-sizes=\"(max-width: 604px) 100vw, 604px\" \/><\/a><\/p>\n<h3><strong>12. Migas Festival \u00b7 Torrox \u00b7 18 December<\/strong><\/h3>\n<p align=\"JUSTIFY\"><span lang=\"de-DE\">Normalerweise \u00e4nderte sich der Gesichtsausdruck der Lohnarbeiter aus <a href=\"http:\/\/torrox.es\/\">Torrox<\/a>, wenn sie diesen besonderen Ton h\u00f6rten. &#8211; Den einer Muschel im Wind und der zu verstehen gab, dass das Mittagessen fertig war. <\/span><\/p>\n<p align=\"JUSTIFY\"><span lang=\"de-DE\">Heute gibt es andere M\u00f6glichkeiten um anzuk\u00fcndigen, dass es Zeit zum Essen ist. Jeden Sonntag vor Weihnachten jedoch erklingt die Muschel wieder in dieser Stadt Malagas: sie informiert die Besucher, dass das \u201eMigas\u201c Fest seinen H\u00f6hepunkt erreicht hat und <strong>Tausende Rationen von diesem Gaumenschmaus<\/strong> <strong>ausgeteilt werden<\/strong>. <\/span><\/p>\n<p align=\"JUSTIFY\"><span lang=\"de-DE\">Obwohl in den meisten Teilen der Provinz Malagas das Gericht mit Brotkr\u00fcmeln gemacht wird (manchmal wird es mit Karotten, Granatapfel oder Orangen begleitet), schreibt es die Tradition in weiten Teilen der Axarqu\u00eda Region vor, sie mit Weizengrie\u00df vorzubereiten. Und einer der besten Orte um dies zu probieren ist das Brotkr\u00fcmel Fest in Torrox, das seit mehr als drei Jahrzehnten stattfindet und eines der wichtigsten Tage des Dorfes ist. <\/span><\/p>\n<p align=\"JUSTIFY\"><span lang=\"de-DE\">In der Regel werden die Brotkr\u00fcmel auch mit einem \u201earriera\u201c Salat begleitet (mit Zwiebel, Orange, Kabeljau, Oliven, Oliven\u00f6l, Essig und Salz) und einem leckeren Wein unseren Landes. <\/span><\/p>\n<p><em>Deutsche Version des Artikels\u00a0<span style=\"color: #baaf8c;\">&#8220;Para disfrutar bien del oto\u00f1o hay que ir al sur: las fiestas gastro de M\u00e1laga&#8221;, <em><em>von<span class=\"Apple-converted-space\"><br \/>\n<\/span><\/em><\/em> N. S\u00e1nchez \/ Spain Food Sherpas f\u00fcr<strong> <a href=\"http:\/\/www.traveler.es\/viajes\/placeres\/articulos\/las-fiestas-gastronomicas-del-otono-en-malaga\/7352\">www.traveler.es<\/a><\/strong> (05\/10\/15).<\/span><\/em><\/p>\n<p>&nbsp;<\/p>\n<p><a href=\"https:\/\/www.spainfoodsherpas.com\/sfs\/wp-content\/uploads\/2015\/10\/ham-festival-Campillos.jpg\"><img decoding=\"async\" class=\"lazyload movil aligncenter wp-image-3471 size-full\" src=\"https:\/\/www.spainfoodsherpas.com\/sfs\/wp-content\/uploads\/2015\/10\/ham-festival-Campillos.jpg\" data-orig-src=\"https:\/\/www.spainfoodsherpas.com\/sfs\/wp-content\/uploads\/2015\/10\/ham-festival-Campillos.jpg\" alt=\"ham festival Campillos\" width=\"604\" height=\"411\" srcset=\"data:image\/svg+xml,%3Csvg%20xmlns%3D%27http%3A%2F%2Fwww.w3.org%2F2000%2Fsvg%27%20width%3D%27604%27%20height%3D%27411%27%20viewBox%3D%270%200%20604%20411%27%3E%3Crect%20width%3D%27604%27%20height%3D%27411%27%20fill-opacity%3D%220%22%2F%3E%3C%2Fsvg%3E\" data-srcset=\"https:\/\/www.spainfoodsherpas.com\/sfs\/wp-content\/uploads\/2015\/10\/ham-festival-Campillos-200x136.jpg 200w, https:\/\/www.spainfoodsherpas.com\/sfs\/wp-content\/uploads\/2015\/10\/ham-festival-Campillos-240x163.jpg 240w, https:\/\/www.spainfoodsherpas.com\/sfs\/wp-content\/uploads\/2015\/10\/ham-festival-Campillos-300x204.jpg 300w, https:\/\/www.spainfoodsherpas.com\/sfs\/wp-content\/uploads\/2015\/10\/ham-festival-Campillos-400x272.jpg 400w, https:\/\/www.spainfoodsherpas.com\/sfs\/wp-content\/uploads\/2015\/10\/ham-festival-Campillos-500x340.jpg 500w, https:\/\/www.spainfoodsherpas.com\/sfs\/wp-content\/uploads\/2015\/10\/ham-festival-Campillos-600x408.jpg 600w, https:\/\/www.spainfoodsherpas.com\/sfs\/wp-content\/uploads\/2015\/10\/ham-festival-Campillos.jpg 604w\" data-sizes=\"auto\" data-orig-sizes=\"(max-width: 604px) 100vw, 604px\" \/><\/a><\/p>\n<p><a href=\"https:\/\/www.spainfoodsherpas.com\/sfs\/wp-content\/uploads\/2015\/10\/PORTADA-RutaPorParauta-Igualeja-min.jpg\"><img decoding=\"async\" class=\"lazyload movil aligncenter wp-image-3474 size-full\" src=\"https:\/\/www.spainfoodsherpas.com\/sfs\/wp-content\/uploads\/2015\/10\/PORTADA-RutaPorParauta-Igualeja-min.jpg\" data-orig-src=\"https:\/\/www.spainfoodsherpas.com\/sfs\/wp-content\/uploads\/2015\/10\/PORTADA-RutaPorParauta-Igualeja-min.jpg\" alt=\"chestnuts in Parauta\" width=\"604\" height=\"329\" srcset=\"data:image\/svg+xml,%3Csvg%20xmlns%3D%27http%3A%2F%2Fwww.w3.org%2F2000%2Fsvg%27%20width%3D%27604%27%20height%3D%27329%27%20viewBox%3D%270%200%20604%20329%27%3E%3Crect%20width%3D%27604%27%20height%3D%27329%27%20fill-opacity%3D%220%22%2F%3E%3C%2Fsvg%3E\" data-srcset=\"https:\/\/www.spainfoodsherpas.com\/sfs\/wp-content\/uploads\/2015\/10\/PORTADA-RutaPorParauta-Igualeja-min-200x109.jpg 200w, https:\/\/www.spainfoodsherpas.com\/sfs\/wp-content\/uploads\/2015\/10\/PORTADA-RutaPorParauta-Igualeja-min-240x131.jpg 240w, https:\/\/www.spainfoodsherpas.com\/sfs\/wp-content\/uploads\/2015\/10\/PORTADA-RutaPorParauta-Igualeja-min-300x163.jpg 300w, https:\/\/www.spainfoodsherpas.com\/sfs\/wp-content\/uploads\/2015\/10\/PORTADA-RutaPorParauta-Igualeja-min-400x218.jpg 400w, https:\/\/www.spainfoodsherpas.com\/sfs\/wp-content\/uploads\/2015\/10\/PORTADA-RutaPorParauta-Igualeja-min-500x272.jpg 500w, https:\/\/www.spainfoodsherpas.com\/sfs\/wp-content\/uploads\/2015\/10\/PORTADA-RutaPorParauta-Igualeja-min-600x327.jpg 600w, https:\/\/www.spainfoodsherpas.com\/sfs\/wp-content\/uploads\/2015\/10\/PORTADA-RutaPorParauta-Igualeja-min.jpg 604w\" data-sizes=\"auto\" data-orig-sizes=\"(max-width: 604px) 100vw, 604px\" \/><\/a><\/p>\n<p><a href=\"https:\/\/www.spainfoodsherpas.com\/sfs\/wp-content\/uploads\/2015\/10\/chestnuts-Malaga.jpg\"><img decoding=\"async\" class=\"lazyload aligncenter size-full wp-image-3465\" src=\"https:\/\/www.spainfoodsherpas.com\/sfs\/wp-content\/uploads\/2015\/10\/chestnuts-Malaga.jpg\" data-orig-src=\"https:\/\/www.spainfoodsherpas.com\/sfs\/wp-content\/uploads\/2015\/10\/chestnuts-Malaga.jpg\" alt=\"chestnuts Malaga\" width=\"604\" height=\"453\" srcset=\"data:image\/svg+xml,%3Csvg%20xmlns%3D%27http%3A%2F%2Fwww.w3.org%2F2000%2Fsvg%27%20width%3D%27604%27%20height%3D%27453%27%20viewBox%3D%270%200%20604%20453%27%3E%3Crect%20width%3D%27604%27%20height%3D%27453%27%20fill-opacity%3D%220%22%2F%3E%3C%2Fsvg%3E\" data-srcset=\"https:\/\/www.spainfoodsherpas.com\/sfs\/wp-content\/uploads\/2015\/10\/chestnuts-Malaga-200x150.jpg 200w, https:\/\/www.spainfoodsherpas.com\/sfs\/wp-content\/uploads\/2015\/10\/chestnuts-Malaga-240x180.jpg 240w, https:\/\/www.spainfoodsherpas.com\/sfs\/wp-content\/uploads\/2015\/10\/chestnuts-Malaga-300x225.jpg 300w, https:\/\/www.spainfoodsherpas.com\/sfs\/wp-content\/uploads\/2015\/10\/chestnuts-Malaga-400x300.jpg 400w, https:\/\/www.spainfoodsherpas.com\/sfs\/wp-content\/uploads\/2015\/10\/chestnuts-Malaga-500x375.jpg 500w, https:\/\/www.spainfoodsherpas.com\/sfs\/wp-content\/uploads\/2015\/10\/chestnuts-Malaga-600x450.jpg 600w, https:\/\/www.spainfoodsherpas.com\/sfs\/wp-content\/uploads\/2015\/10\/chestnuts-Malaga.jpg 604w\" data-sizes=\"auto\" data-orig-sizes=\"(max-width: 604px) 100vw, 604px\" \/><\/a><\/p>\n<p><a href=\"https:\/\/www.spainfoodsherpas.com\/sfs\/wp-content\/uploads\/2015\/10\/VecinaParauta-min.jpg\"><img decoding=\"async\" class=\"lazyload movil aligncenter wp-image-3472 size-full\" src=\"https:\/\/www.spainfoodsherpas.com\/sfs\/wp-content\/uploads\/2015\/10\/VecinaParauta-min.jpg\" data-orig-src=\"https:\/\/www.spainfoodsherpas.com\/sfs\/wp-content\/uploads\/2015\/10\/VecinaParauta-min.jpg\" alt=\"Parauta\" width=\"604\" height=\"906\" srcset=\"data:image\/svg+xml,%3Csvg%20xmlns%3D%27http%3A%2F%2Fwww.w3.org%2F2000%2Fsvg%27%20width%3D%27604%27%20height%3D%27906%27%20viewBox%3D%270%200%20604%20906%27%3E%3Crect%20width%3D%27604%27%20height%3D%27906%27%20fill-opacity%3D%220%22%2F%3E%3C%2Fsvg%3E\" data-srcset=\"https:\/\/www.spainfoodsherpas.com\/sfs\/wp-content\/uploads\/2015\/10\/VecinaParauta-min-200x300.jpg 200w, https:\/\/www.spainfoodsherpas.com\/sfs\/wp-content\/uploads\/2015\/10\/VecinaParauta-min-240x360.jpg 240w, https:\/\/www.spainfoodsherpas.com\/sfs\/wp-content\/uploads\/2015\/10\/VecinaParauta-min-400x600.jpg 400w, https:\/\/www.spainfoodsherpas.com\/sfs\/wp-content\/uploads\/2015\/10\/VecinaParauta-min-500x750.jpg 500w, https:\/\/www.spainfoodsherpas.com\/sfs\/wp-content\/uploads\/2015\/10\/VecinaParauta-min-600x900.jpg 600w, https:\/\/www.spainfoodsherpas.com\/sfs\/wp-content\/uploads\/2015\/10\/VecinaParauta-min.jpg 604w\" data-sizes=\"auto\" data-orig-sizes=\"(max-width: 604px) 100vw, 604px\" \/><\/a><\/p>\n<p>&nbsp;<\/p>\n","protected":false},"excerpt":{"rendered":"<p>Der Herbst in Malaga ist Synonym von Maronen, \u201eaguardiente\u201c Schnaps, Wein und der (Haus-) Schlachtung von Schweinen. Machen wir uns auf den Weg mit dem Team von Spain Food Sherpas\u00a0 um die traditionellen gastronomischen Festivals, welche die D\u00f6rfer Malagas im Herbst organisieren, zu genie\u00dfen. Beliebte Feste um die Geheimnisse der lokalen K\u00fcche dank Gerichte wie \u201echanfaina\u201c, \u201earriera Salat\u201c,<\/p>\n","protected":false},"author":2,"featured_media":3461,"comment_status":"open","ping_status":"open","sticky":false,"template":"","format":"standard","meta":{"footnotes":""},"categories":[344,399],"tags":[],"class_list":["post-3588","post","type-post","status-publish","format-standard","has-post-thumbnail","hentry","category-malaga-sehenswurdigkeiten","category-things-to-do-in-malaga-de"],"yoast_head":"<!-- This site is optimized with the Yoast SEO plugin v27.4 - https:\/\/yoast.com\/product\/yoast-seo-wordpress\/ -->\n<title>Die 12 besten Autumn Food Festivals in Malaga<\/title>\n<meta name=\"robots\" content=\"index, follow, max-snippet:-1, max-image-preview:large, max-video-preview:-1\" \/>\n<link rel=\"canonical\" href=\"https:\/\/www.spainfoodsherpas.com\/de\/12-autumn-food-festivals-in-malaga-2\/\" \/>\n<meta property=\"og:locale\" content=\"de_DE\" \/>\n<meta property=\"og:type\" content=\"article\" \/>\n<meta property=\"og:title\" content=\"Die 12 besten Autumn Food Festivals in Malaga\" \/>\n<meta property=\"og:description\" content=\"Der Herbst in Malaga ist Synonym von Maronen, \u201eaguardiente\u201c Schnaps, Wein und der (Haus-) Schlachtung von Schweinen. Machen wir uns auf den Weg mit dem Team von Spain Food Sherpas\u00a0 um die traditionellen gastronomischen Festivals, welche die D\u00f6rfer Malagas im Herbst organisieren, zu genie\u00dfen. Beliebte Feste um die Geheimnisse der lokalen K\u00fcche dank Gerichte wie \u201echanfaina\u201c, \u201earriera Salat\u201c,\" \/>\n<meta property=\"og:url\" content=\"https:\/\/www.spainfoodsherpas.com\/de\/12-autumn-food-festivals-in-malaga-2\/\" \/>\n<meta property=\"og:site_name\" content=\"Spain Food Sherpas\" \/>\n<meta property=\"article:publisher\" content=\"https:\/\/www.facebook.com\/spainfoodsherpas\" \/>\n<meta property=\"article:published_time\" content=\"2015-10-27T17:21:29+00:00\" \/>\n<meta property=\"article:modified_time\" content=\"2016-10-16T09:22:44+00:00\" \/>\n<meta property=\"og:image\" content=\"https:\/\/www.spainfoodsherpas.com\/sfs\/wp-content\/uploads\/2015\/10\/chacina-festival-in-Benaojan.jpg\" \/>\n\t<meta property=\"og:image:width\" content=\"604\" \/>\n\t<meta property=\"og:image:height\" content=\"403\" \/>\n\t<meta property=\"og:image:type\" content=\"image\/jpeg\" \/>\n<meta name=\"author\" content=\"Spain Food Sherpas\" \/>\n<meta name=\"twitter:card\" content=\"summary_large_image\" \/>\n<meta name=\"twitter:label1\" content=\"Verfasst von\" \/>\n\t<meta name=\"twitter:data1\" content=\"Spain Food Sherpas\" \/>\n\t<meta name=\"twitter:label2\" content=\"Gesch\u00e4tzte Lesezeit\" \/>\n\t<meta name=\"twitter:data2\" content=\"14 minutes\" \/>\n<script type=\"application\/ld+json\" class=\"yoast-schema-graph\">{\"@context\":\"https:\\\/\\\/schema.org\",\"@graph\":[{\"@type\":\"Article\",\"@id\":\"https:\\\/\\\/www.spainfoodsherpas.com\\\/de\\\/12-autumn-food-festivals-in-malaga-2\\\/#article\",\"isPartOf\":{\"@id\":\"https:\\\/\\\/www.spainfoodsherpas.com\\\/de\\\/12-autumn-food-festivals-in-malaga-2\\\/\"},\"author\":{\"name\":\"Spain Food Sherpas\",\"@id\":\"https:\\\/\\\/www.spainfoodsherpas.com\\\/#\\\/schema\\\/person\\\/b04f318d9391b532418662359f5899e3\"},\"headline\":\"Die 12 besten Autumn Food Festivals in Malaga\",\"datePublished\":\"2015-10-27T17:21:29+00:00\",\"dateModified\":\"2016-10-16T09:22:44+00:00\",\"mainEntityOfPage\":{\"@id\":\"https:\\\/\\\/www.spainfoodsherpas.com\\\/de\\\/12-autumn-food-festivals-in-malaga-2\\\/\"},\"wordCount\":2744,\"commentCount\":0,\"image\":{\"@id\":\"https:\\\/\\\/www.spainfoodsherpas.com\\\/de\\\/12-autumn-food-festivals-in-malaga-2\\\/#primaryimage\"},\"thumbnailUrl\":\"https:\\\/\\\/www.spainfoodsherpas.com\\\/sfs\\\/wp-content\\\/uploads\\\/2015\\\/10\\\/chacina-festival-in-Benaojan.jpg\",\"articleSection\":[\"Malaga Sehensw\u00fcrdigkeiten\",\"Things to do in Malaga\"],\"inLanguage\":\"de-DE\",\"potentialAction\":[{\"@type\":\"CommentAction\",\"name\":\"Comment\",\"target\":[\"https:\\\/\\\/www.spainfoodsherpas.com\\\/de\\\/12-autumn-food-festivals-in-malaga-2\\\/#respond\"]}]},{\"@type\":\"WebPage\",\"@id\":\"https:\\\/\\\/www.spainfoodsherpas.com\\\/de\\\/12-autumn-food-festivals-in-malaga-2\\\/\",\"url\":\"https:\\\/\\\/www.spainfoodsherpas.com\\\/de\\\/12-autumn-food-festivals-in-malaga-2\\\/\",\"name\":\"Die 12 besten Autumn Food Festivals in Malaga\",\"isPartOf\":{\"@id\":\"https:\\\/\\\/www.spainfoodsherpas.com\\\/#website\"},\"primaryImageOfPage\":{\"@id\":\"https:\\\/\\\/www.spainfoodsherpas.com\\\/de\\\/12-autumn-food-festivals-in-malaga-2\\\/#primaryimage\"},\"image\":{\"@id\":\"https:\\\/\\\/www.spainfoodsherpas.com\\\/de\\\/12-autumn-food-festivals-in-malaga-2\\\/#primaryimage\"},\"thumbnailUrl\":\"https:\\\/\\\/www.spainfoodsherpas.com\\\/sfs\\\/wp-content\\\/uploads\\\/2015\\\/10\\\/chacina-festival-in-Benaojan.jpg\",\"datePublished\":\"2015-10-27T17:21:29+00:00\",\"dateModified\":\"2016-10-16T09:22:44+00:00\",\"author\":{\"@id\":\"https:\\\/\\\/www.spainfoodsherpas.com\\\/#\\\/schema\\\/person\\\/b04f318d9391b532418662359f5899e3\"},\"breadcrumb\":{\"@id\":\"https:\\\/\\\/www.spainfoodsherpas.com\\\/de\\\/12-autumn-food-festivals-in-malaga-2\\\/#breadcrumb\"},\"inLanguage\":\"de-DE\",\"potentialAction\":[{\"@type\":\"ReadAction\",\"target\":[\"https:\\\/\\\/www.spainfoodsherpas.com\\\/de\\\/12-autumn-food-festivals-in-malaga-2\\\/\"]}]},{\"@type\":\"ImageObject\",\"inLanguage\":\"de-DE\",\"@id\":\"https:\\\/\\\/www.spainfoodsherpas.com\\\/de\\\/12-autumn-food-festivals-in-malaga-2\\\/#primaryimage\",\"url\":\"https:\\\/\\\/www.spainfoodsherpas.com\\\/sfs\\\/wp-content\\\/uploads\\\/2015\\\/10\\\/chacina-festival-in-Benaojan.jpg\",\"contentUrl\":\"https:\\\/\\\/www.spainfoodsherpas.com\\\/sfs\\\/wp-content\\\/uploads\\\/2015\\\/10\\\/chacina-festival-in-Benaojan.jpg\",\"width\":604,\"height\":403,\"caption\":\"chacina festival in benaojan\"},{\"@type\":\"BreadcrumbList\",\"@id\":\"https:\\\/\\\/www.spainfoodsherpas.com\\\/de\\\/12-autumn-food-festivals-in-malaga-2\\\/#breadcrumb\",\"itemListElement\":[{\"@type\":\"ListItem\",\"position\":1,\"name\":\"Home\",\"item\":\"https:\\\/\\\/www.spainfoodsherpas.com\\\/de\\\/\"},{\"@type\":\"ListItem\",\"position\":2,\"name\":\"Malaga Sehensw\u00fcrdigkeiten\",\"item\":\"https:\\\/\\\/www.spainfoodsherpas.com\\\/de\\\/category\\\/malaga-sehenswurdigkeiten\\\/\"},{\"@type\":\"ListItem\",\"position\":3,\"name\":\"Die 12 besten Autumn Food Festivals in Malaga\"}]},{\"@type\":\"WebSite\",\"@id\":\"https:\\\/\\\/www.spainfoodsherpas.com\\\/#website\",\"url\":\"https:\\\/\\\/www.spainfoodsherpas.com\\\/\",\"name\":\"Spain Food Sherpas\",\"description\":\"Food Travel Experiences\",\"potentialAction\":[{\"@type\":\"SearchAction\",\"target\":{\"@type\":\"EntryPoint\",\"urlTemplate\":\"https:\\\/\\\/www.spainfoodsherpas.com\\\/?s={search_term_string}\"},\"query-input\":{\"@type\":\"PropertyValueSpecification\",\"valueRequired\":true,\"valueName\":\"search_term_string\"}}],\"inLanguage\":\"de-DE\"},{\"@type\":\"Person\",\"@id\":\"https:\\\/\\\/www.spainfoodsherpas.com\\\/#\\\/schema\\\/person\\\/b04f318d9391b532418662359f5899e3\",\"name\":\"Spain Food Sherpas\",\"image\":{\"@type\":\"ImageObject\",\"inLanguage\":\"de-DE\",\"@id\":\"https:\\\/\\\/secure.gravatar.com\\\/avatar\\\/c15d885a3bd643aa81be6a59e8dee436e88b6730c896bc452a82b7af78af494b?s=96&d=mm&r=g\",\"url\":\"https:\\\/\\\/secure.gravatar.com\\\/avatar\\\/c15d885a3bd643aa81be6a59e8dee436e88b6730c896bc452a82b7af78af494b?s=96&d=mm&r=g\",\"contentUrl\":\"https:\\\/\\\/secure.gravatar.com\\\/avatar\\\/c15d885a3bd643aa81be6a59e8dee436e88b6730c896bc452a82b7af78af494b?s=96&d=mm&r=g\",\"caption\":\"Spain Food Sherpas\"},\"sameAs\":[\"https:\\\/\\\/spainfoodsherpas.com\"]}]}<\/script>\n<!-- \/ Yoast SEO plugin. -->","yoast_head_json":{"title":"Die 12 besten Autumn Food Festivals in Malaga","robots":{"index":"index","follow":"follow","max-snippet":"max-snippet:-1","max-image-preview":"max-image-preview:large","max-video-preview":"max-video-preview:-1"},"canonical":"https:\/\/www.spainfoodsherpas.com\/de\/12-autumn-food-festivals-in-malaga-2\/","og_locale":"de_DE","og_type":"article","og_title":"Die 12 besten Autumn Food Festivals in Malaga","og_description":"Der Herbst in Malaga ist Synonym von Maronen, \u201eaguardiente\u201c Schnaps, Wein und der (Haus-) Schlachtung von Schweinen. Machen wir uns auf den Weg mit dem Team von Spain Food Sherpas\u00a0 um die traditionellen gastronomischen Festivals, welche die D\u00f6rfer Malagas im Herbst organisieren, zu genie\u00dfen. Beliebte Feste um die Geheimnisse der lokalen K\u00fcche dank Gerichte wie \u201echanfaina\u201c, \u201earriera Salat\u201c,","og_url":"https:\/\/www.spainfoodsherpas.com\/de\/12-autumn-food-festivals-in-malaga-2\/","og_site_name":"Spain Food Sherpas","article_publisher":"https:\/\/www.facebook.com\/spainfoodsherpas","article_published_time":"2015-10-27T17:21:29+00:00","article_modified_time":"2016-10-16T09:22:44+00:00","og_image":[{"width":604,"height":403,"url":"https:\/\/www.spainfoodsherpas.com\/sfs\/wp-content\/uploads\/2015\/10\/chacina-festival-in-Benaojan.jpg","type":"image\/jpeg"}],"author":"Spain Food Sherpas","twitter_card":"summary_large_image","twitter_misc":{"Verfasst von":"Spain Food Sherpas","Gesch\u00e4tzte Lesezeit":"14 minutes"},"schema":{"@context":"https:\/\/schema.org","@graph":[{"@type":"Article","@id":"https:\/\/www.spainfoodsherpas.com\/de\/12-autumn-food-festivals-in-malaga-2\/#article","isPartOf":{"@id":"https:\/\/www.spainfoodsherpas.com\/de\/12-autumn-food-festivals-in-malaga-2\/"},"author":{"name":"Spain Food Sherpas","@id":"https:\/\/www.spainfoodsherpas.com\/#\/schema\/person\/b04f318d9391b532418662359f5899e3"},"headline":"Die 12 besten Autumn Food Festivals in Malaga","datePublished":"2015-10-27T17:21:29+00:00","dateModified":"2016-10-16T09:22:44+00:00","mainEntityOfPage":{"@id":"https:\/\/www.spainfoodsherpas.com\/de\/12-autumn-food-festivals-in-malaga-2\/"},"wordCount":2744,"commentCount":0,"image":{"@id":"https:\/\/www.spainfoodsherpas.com\/de\/12-autumn-food-festivals-in-malaga-2\/#primaryimage"},"thumbnailUrl":"https:\/\/www.spainfoodsherpas.com\/sfs\/wp-content\/uploads\/2015\/10\/chacina-festival-in-Benaojan.jpg","articleSection":["Malaga Sehensw\u00fcrdigkeiten","Things to do in Malaga"],"inLanguage":"de-DE","potentialAction":[{"@type":"CommentAction","name":"Comment","target":["https:\/\/www.spainfoodsherpas.com\/de\/12-autumn-food-festivals-in-malaga-2\/#respond"]}]},{"@type":"WebPage","@id":"https:\/\/www.spainfoodsherpas.com\/de\/12-autumn-food-festivals-in-malaga-2\/","url":"https:\/\/www.spainfoodsherpas.com\/de\/12-autumn-food-festivals-in-malaga-2\/","name":"Die 12 besten Autumn Food Festivals in Malaga","isPartOf":{"@id":"https:\/\/www.spainfoodsherpas.com\/#website"},"primaryImageOfPage":{"@id":"https:\/\/www.spainfoodsherpas.com\/de\/12-autumn-food-festivals-in-malaga-2\/#primaryimage"},"image":{"@id":"https:\/\/www.spainfoodsherpas.com\/de\/12-autumn-food-festivals-in-malaga-2\/#primaryimage"},"thumbnailUrl":"https:\/\/www.spainfoodsherpas.com\/sfs\/wp-content\/uploads\/2015\/10\/chacina-festival-in-Benaojan.jpg","datePublished":"2015-10-27T17:21:29+00:00","dateModified":"2016-10-16T09:22:44+00:00","author":{"@id":"https:\/\/www.spainfoodsherpas.com\/#\/schema\/person\/b04f318d9391b532418662359f5899e3"},"breadcrumb":{"@id":"https:\/\/www.spainfoodsherpas.com\/de\/12-autumn-food-festivals-in-malaga-2\/#breadcrumb"},"inLanguage":"de-DE","potentialAction":[{"@type":"ReadAction","target":["https:\/\/www.spainfoodsherpas.com\/de\/12-autumn-food-festivals-in-malaga-2\/"]}]},{"@type":"ImageObject","inLanguage":"de-DE","@id":"https:\/\/www.spainfoodsherpas.com\/de\/12-autumn-food-festivals-in-malaga-2\/#primaryimage","url":"https:\/\/www.spainfoodsherpas.com\/sfs\/wp-content\/uploads\/2015\/10\/chacina-festival-in-Benaojan.jpg","contentUrl":"https:\/\/www.spainfoodsherpas.com\/sfs\/wp-content\/uploads\/2015\/10\/chacina-festival-in-Benaojan.jpg","width":604,"height":403,"caption":"chacina festival in benaojan"},{"@type":"BreadcrumbList","@id":"https:\/\/www.spainfoodsherpas.com\/de\/12-autumn-food-festivals-in-malaga-2\/#breadcrumb","itemListElement":[{"@type":"ListItem","position":1,"name":"Home","item":"https:\/\/www.spainfoodsherpas.com\/de\/"},{"@type":"ListItem","position":2,"name":"Malaga Sehensw\u00fcrdigkeiten","item":"https:\/\/www.spainfoodsherpas.com\/de\/category\/malaga-sehenswurdigkeiten\/"},{"@type":"ListItem","position":3,"name":"Die 12 besten Autumn Food Festivals in Malaga"}]},{"@type":"WebSite","@id":"https:\/\/www.spainfoodsherpas.com\/#website","url":"https:\/\/www.spainfoodsherpas.com\/","name":"Spain Food Sherpas","description":"Food Travel Experiences","potentialAction":[{"@type":"SearchAction","target":{"@type":"EntryPoint","urlTemplate":"https:\/\/www.spainfoodsherpas.com\/?s={search_term_string}"},"query-input":{"@type":"PropertyValueSpecification","valueRequired":true,"valueName":"search_term_string"}}],"inLanguage":"de-DE"},{"@type":"Person","@id":"https:\/\/www.spainfoodsherpas.com\/#\/schema\/person\/b04f318d9391b532418662359f5899e3","name":"Spain Food Sherpas","image":{"@type":"ImageObject","inLanguage":"de-DE","@id":"https:\/\/secure.gravatar.com\/avatar\/c15d885a3bd643aa81be6a59e8dee436e88b6730c896bc452a82b7af78af494b?s=96&d=mm&r=g","url":"https:\/\/secure.gravatar.com\/avatar\/c15d885a3bd643aa81be6a59e8dee436e88b6730c896bc452a82b7af78af494b?s=96&d=mm&r=g","contentUrl":"https:\/\/secure.gravatar.com\/avatar\/c15d885a3bd643aa81be6a59e8dee436e88b6730c896bc452a82b7af78af494b?s=96&d=mm&r=g","caption":"Spain Food Sherpas"},"sameAs":["https:\/\/spainfoodsherpas.com"]}]}},"_links":{"self":[{"href":"https:\/\/www.spainfoodsherpas.com\/de\/wp-json\/wp\/v2\/posts\/3588","targetHints":{"allow":["GET"]}}],"collection":[{"href":"https:\/\/www.spainfoodsherpas.com\/de\/wp-json\/wp\/v2\/posts"}],"about":[{"href":"https:\/\/www.spainfoodsherpas.com\/de\/wp-json\/wp\/v2\/types\/post"}],"author":[{"embeddable":true,"href":"https:\/\/www.spainfoodsherpas.com\/de\/wp-json\/wp\/v2\/users\/2"}],"replies":[{"embeddable":true,"href":"https:\/\/www.spainfoodsherpas.com\/de\/wp-json\/wp\/v2\/comments?post=3588"}],"version-history":[{"count":7,"href":"https:\/\/www.spainfoodsherpas.com\/de\/wp-json\/wp\/v2\/posts\/3588\/revisions"}],"predecessor-version":[{"id":7019,"href":"https:\/\/www.spainfoodsherpas.com\/de\/wp-json\/wp\/v2\/posts\/3588\/revisions\/7019"}],"wp:featuredmedia":[{"embeddable":true,"href":"https:\/\/www.spainfoodsherpas.com\/de\/wp-json\/wp\/v2\/media\/3461"}],"wp:attachment":[{"href":"https:\/\/www.spainfoodsherpas.com\/de\/wp-json\/wp\/v2\/media?parent=3588"}],"wp:term":[{"taxonomy":"category","embeddable":true,"href":"https:\/\/www.spainfoodsherpas.com\/de\/wp-json\/wp\/v2\/categories?post=3588"},{"taxonomy":"post_tag","embeddable":true,"href":"https:\/\/www.spainfoodsherpas.com\/de\/wp-json\/wp\/v2\/tags?post=3588"}],"curies":[{"name":"wp","href":"https:\/\/api.w.org\/{rel}","templated":true}]}}